{"id":12875,"date":"2020-06-23T01:44:26","date_gmt":"2020-06-23T01:44:26","guid":{"rendered":"https:\/\/www.radiopresidenteibanez.cl\/web\/?p=12875"},"modified":"2020-06-23T01:44:32","modified_gmt":"2020-06-23T01:44:32","slug":"concejal-soler-agradece-al-ministro-de-obras-publicas-por-via-elevada-que-traera-trabajo-trabajo-y-trabajo-a-magallanes","status":"publish","type":"post","link":"https:\/\/www.radiopresidenteibanez.cl\/web\/concejal-soler-agradece-al-ministro-de-obras-publicas-por-via-elevada-que-traera-trabajo-trabajo-y-trabajo-a-magallanes\/","title":{"rendered":"CONCEJAL SOLER, AGRADECE AL MINISTRO DE OBRAS PUBLICAS POR VIA ELEVADA, QUE TRAER\u00c1 TRABAJO, TRABAJO, Y TRABAJO A MAGALLANES"},"content":{"rendered":"\n<p>Sr. Alfredo Moreno Charme<\/p>\n\n\n\n<p>Ministro de Obras P\u00fablicas.<\/p>\n\n\n\n<p>&nbsp;&nbsp;&nbsp;&nbsp;&nbsp;&nbsp;&nbsp;&nbsp;&nbsp;&nbsp;&nbsp;&nbsp;&nbsp; Por\nla Presente adem\u00e1s de saludarlo, y en espera que se encuentre bien de salud con\nsu familia, despu\u00e9s que usted fue confirmado como portador el Covid-19, le deseo\nque se recupere prontamente y de la mejor forma, &nbsp;dicho esto, &nbsp;me comunic\u00f3 con usted a ra\u00edz que la Licitaci\u00f3n\nP\u00fablica \u201c<em>CONSTRUCCI\u00d3N NUDO VIAL AV FREI, MAGALLANES\u201d<\/em><strong> Licitaci\u00f3n&nbsp;ID:&nbsp;<\/strong>5048-28-O119, importante inversi\u00f3n para el progreso de\nMagallanes.<\/p>\n\n\n\n<pre class=\"wp-block-preformatted\">&nbsp;&nbsp;&nbsp;&nbsp;&nbsp;&nbsp;&nbsp;&nbsp;&nbsp;&nbsp;&nbsp;&nbsp;&nbsp; No pudiendo dejar de &nbsp;reiterar, &nbsp;que la Licitaci\u00f3n P\u00fablica es un proceso administrativo estricto, regido por el Decreto N\u00b0 75 del 2004 del Ministerio del ramo, Reglamento de Obras P\u00fablicas, y por el D.F.L. N\u00ba850, de 1997, que fija el&nbsp; texto actualizado de la Ley N\u00ba15.840, Org\u00e1nica del Ministerio de Obras P\u00fablicas, y que todo incumplimiento del proceso licitatorio conlleva aparejado la persecuci\u00f3n de la responsabilidad administrativa del funcionario p\u00fablico infractor a la norma, sea cual sea el rango del funcionario.<\/pre>\n\n\n\n<pre class=\"wp-block-preformatted\">&nbsp;<\/pre>\n\n\n\n<pre class=\"wp-block-preformatted\">&nbsp;&nbsp;&nbsp;&nbsp;&nbsp;&nbsp;&nbsp;&nbsp;&nbsp;&nbsp;&nbsp;&nbsp;&nbsp; Le comento la profunda satisfacci\u00f3n en gran parte de la comunidad Magall\u00e1nica al informarnos que el proceso licitatorio sigue su curso con normalidad,&nbsp; que prontamente se adjudicara, &nbsp;que usted ha seguido la v\u00eda de la legalidad, el camino del progreso y desarrollo de Chile y de Magallanes.<\/pre>\n\n\n\n<pre class=\"wp-block-preformatted\">Ministro Moreno, con esta postura usted esta engrandecido al Ministerio de Obras P\u00fablicas, a Chile, y a Magallanes, ser\u00e1 recordado en esta Austral Regi\u00f3n como una persona que trajo grandes avances en infraestructura, ministros como usted son lo que necesita este pa\u00eds, este modesto Concejal UDI, no tiene m\u00e1s que agradecerle su visi\u00f3n de futuro para Magallanes.<\/pre>\n\n\n\n<pre class=\"wp-block-preformatted\"> &nbsp;&nbsp;&nbsp;&nbsp;&nbsp;&nbsp;&nbsp;&nbsp;&nbsp;&nbsp;&nbsp;&nbsp; Por Ultimo, me permito se\u00f1alarle el significado que para Punta Arenas tiene la V\u00eda Elevada, que son 3: TRABAJO, TRABAJO, Y TRABAJO.<\/pre>\n\n\n\n<p>1.- TRABAJO: porque es un Inversi\u00f3n de $25.000.000.000.-\n(veinticinco mil millones de pesos), que ser\u00e1 una fuente laboral para los\ntrabajadores magall\u00e1nicos, en forma directa por las contrataciones que har\u00e1\nempresa adjudicataria e indirecta mediante los contratistas que prestaran\nservicios en la obra.<\/p>\n\n\n\n<p>2.- TRABAJO, ya que unir\u00e1 los dos principales puntos de producci\u00f3n\ny desarrollo de la comuna, el Barrio Industrial y el Muelle Mardones, lo que\ngenera m\u00e1s ocupaci\u00f3n laboral.<\/p>\n\n\n\n<p>3.- TRABAJO, por el progreso y desarrollo que esta obra de\ninfraestructura dar\u00e1 a Punta arenas a trav\u00e9s de los a\u00f1os venideros, ya que\nfacilitara el desplazamiento y la conectividad de la ciudad, que traer\u00e1\naparejado la creaci\u00f3n de m\u00e1s fuentes de trabajo para todos en Magallanes, por\nmuchos a\u00f1os m\u00e1s.<\/p>\n\n\n\n<pre class=\"wp-block-preformatted\">&nbsp;<\/pre>\n\n\n\n<pre class=\"wp-block-preformatted\">&nbsp;&nbsp;&nbsp;&nbsp;&nbsp;&nbsp;&nbsp;&nbsp;&nbsp;&nbsp;&nbsp;&nbsp;&nbsp; En espera que se recupere, se despide cordialmente.<\/pre>\n\n\n\n<pre class=\"wp-block-preformatted\">&nbsp;<\/pre>\n\n\n\n<pre class=\"wp-block-preformatted\">Alejandro Soler Gutierrez, Concejal UDI, Punta Arenas.<\/pre>\n","protected":false},"excerpt":{"rendered":"<p>Sr. Alfredo Moreno Charme Ministro de Obras P\u00fablicas. &nbsp;&nbsp;&nbsp;&nbsp;&nbsp;&nbsp;&nbsp;&nbsp;&nbsp;&nbsp;&nbsp;&nbsp;&nbsp; Por la Presente adem\u00e1s de saludarlo, y en espera que se encuentre bien de salud con su familia, despu\u00e9s que usted&#8230; <a class=\"read-more\" href=\"https:\/\/www.radiopresidenteibanez.cl\/web\/concejal-soler-agradece-al-ministro-de-obras-publicas-por-via-elevada-que-traera-trabajo-trabajo-y-trabajo-a-magallanes\/\">Leer m\u00e1s<\/a><\/p>\n","protected":false},"author":2,"featured_media":10202,"comment_status":"closed","ping_status":"closed","sticky":false,"template":"","format":"standard","meta":{"footnotes":""},"categories":[1],"tags":[],"class_list":["post-12875","post","type-post","status-publish","format-standard","has-post-thumbnail","hentry","category-cronica"],"_links":{"self":[{"href":"https:\/\/www.radiopresidenteibanez.cl\/web\/wp-json\/wp\/v2\/posts\/12875","targetHints":{"allow":["GET"]}}],"collection":[{"href":"https:\/\/www.radiopresidenteibanez.cl\/web\/wp-json\/wp\/v2\/posts"}],"about":[{"href":"https:\/\/www.radiopresidenteibanez.cl\/web\/wp-json\/wp\/v2\/types\/post"}],"author":[{"embeddable":true,"href":"https:\/\/www.radiopresidenteibanez.cl\/web\/wp-json\/wp\/v2\/users\/2"}],"replies":[{"embeddable":true,"href":"https:\/\/www.radiopresidenteibanez.cl\/web\/wp-json\/wp\/v2\/comments?post=12875"}],"version-history":[{"count":0,"href":"https:\/\/www.radiopresidenteibanez.cl\/web\/wp-json\/wp\/v2\/posts\/12875\/revisions"}],"wp:featuredmedia":[{"embeddable":true,"href":"https:\/\/www.radiopresidenteibanez.cl\/web\/wp-json\/wp\/v2\/media\/10202"}],"wp:attachment":[{"href":"https:\/\/www.radiopresidenteibanez.cl\/web\/wp-json\/wp\/v2\/media?parent=12875"}],"wp:term":[{"taxonomy":"category","embeddable":true,"href":"https:\/\/www.radiopresidenteibanez.cl\/web\/wp-json\/wp\/v2\/categories?post=12875"},{"taxonomy":"post_tag","embeddable":true,"href":"https:\/\/www.radiopresidenteibanez.cl\/web\/wp-json\/wp\/v2\/tags?post=12875"}],"curies":[{"name":"wp","href":"https:\/\/api.w.org\/{rel}","templated":true}]}}