{"id":12872,"date":"2020-06-23T01:43:14","date_gmt":"2020-06-23T01:43:14","guid":{"rendered":"https:\/\/www.radiopresidenteibanez.cl\/web\/?p=12872"},"modified":"2020-06-23T01:43:18","modified_gmt":"2020-06-23T01:43:18","slug":"sernameg-abre-convocatoria-a-fondos-de-120-millones-para-planes-de-negocios-de-magallanicas","status":"publish","type":"post","link":"https:\/\/www.radiopresidenteibanez.cl\/web\/sernameg-abre-convocatoria-a-fondos-de-120-millones-para-planes-de-negocios-de-magallanicas\/","title":{"rendered":"SERNAMEG ABRE CONVOCATORIA A FONDOS DE $120 MILLONES PARA PLANES DE NEGOCIOS DE MAGALL\u00c1NICAS"},"content":{"rendered":"\n<p>La\nDirecci\u00f3n Regional del Servicio Nacional de la Mujer y la Equidad de G\u00e9nero,\nSernamEG Magallanes, junto a la Serem\u00eda de la Mujer y la Equidad de G\u00e9nero,\ndieron el vamos al concurso p\u00fablico \u201cFinanciamiento de Plan de Negocios para\nEmpresarias de la Regi\u00f3n de Magallanes\u201d, iniciativa desarrollada en el marco de\nla ejecuci\u00f3n del proyecto FNDR \u201cPrograma de Capacitaci\u00f3n y Apoyo a Mujeres para\nel Fortalecimiento de Autonom\u00eda Econ\u00f3mica, Regi\u00f3n de Magallanes\u201d, financiado\npor el Gobierno Regional.<\/p>\n\n\n\n<p>Con\nrecursos globales de $120 millones de pesos, este fondo busca reimpulsar la\nautonom\u00eda econ\u00f3mica de las mujeres de la Regi\u00f3n de Magallanes y la Ant\u00e1rtica\nChilena que cuenten con una empresa o negocio en funcionamiento a trav\u00e9s de la\npresentaci\u00f3n de un Plan de Negocios, pudiendo destinar los recursos adjudicados\nque alcanzan los $3 millones, a la compra o adquisici\u00f3n de bienes, productos\ny\/o servicios (maquinaria, herramientas, equipos, inversi\u00f3n en infraestructura,\nmarketing, materias primas, entre otros).<\/p>\n\n\n\n<p>\u201cAdem\u00e1s\nde recibir un apoyo econ\u00f3mico para financiar las actividades de su Plan de\nNegocios, las mujeres podr\u00e1n adquirir nuevos conocimientos mediante la asesor\u00eda\nt\u00e9cnica, a trav\u00e9s de talleres en l\u00ednea y acompa\u00f1amiento que les permitir\u00e1 al\nfinalizar este proceso, mejorar sus competencias y habilidades emprendedoras, lo\ncual esperamos se traduzca en el aumento de su competitividad y la gesti\u00f3n\neficaz de sus negocios\u201d, detall\u00f3 la Directora Regional de SernamEG, Fabiola\nGarc\u00eda Pinto en el lanzamiento de la iniciativa, explicando adem\u00e1s&nbsp; que el programa FNDR se adecu\u00f3 a la actual\ncontingencia sanitaria, y espera financiar durante este a\u00f1o emprendimientos e\nideas de negocios en tres convocatorias, con fondos ascendentes a los $508\nmillones de pesos.<\/p>\n\n\n\n<p>En\ntanto, la Seremi de la Mujer y la Equidad de G\u00e9nero, Patricia Mackenney\nSchmauk, declar\u00f3: \u201cEste proyecto obedece a pol\u00edticas estrat\u00e9gicas del Programa\ndel Gobierno del Presidente Sebasti\u00e1n Pi\u00f1era y la Agenda Mujer, promoviendo el\ndesarrollo de empresas de menor tama\u00f1o lideradas por mujeres a trav\u00e9s de su\nintegraci\u00f3n al desarrollo productivo. Adem\u00e1s prioriza y focaliza los recursos\ndel Gobierno Regional en materias que favorecen y potencian el desarrollo\nregional y territorial, tan necesario en las actuales circunstancias de\npandemia\u201d.<\/p>\n\n\n\n<p><strong>Requisitos<\/strong><\/p>\n\n\n\n<ul class=\"wp-block-list\"><li>Mujeres\nde nacionalidad chilena o extranjera.<\/li><li>Mayor\nde 18 a\u00f1os de edad.<\/li><li>Tener\ninicio de actividades en primera categor\u00eda o segunda categor\u00eda ante el Servicio\nde Impuestos Internos (SII), vigente al inicio de la convocatoria.<\/li><li>Acreditar\nventas anuales estimadas entre 0 hasta las 2.400\nUnidades de Fomento UF. <\/li><li>Lugar\nde residencia y dominio comercial en la Regi\u00f3n de Magallanes y Ant\u00e1rtica\nChilena <\/li><li>[No se\nfinanciar\u00e1 proyectos a ser implementados en una regi\u00f3n diferente].<\/li><li>No haber\nsido beneficiaria de alg\u00fan subsidio econ\u00f3mico de caracter\u00edsticas similares,\ndurante el a\u00f1o 2020 para financiar su negocio, de parte de alguna instituci\u00f3n\ndel Estado (CORFO, CONADI, SERCOTEC, INDAP).&nbsp;<\/li><\/ul>\n\n\n\n<p><strong>\u00bfC\u00f3mo\npostular?<\/strong><\/p>\n\n\n\n<p>Presentando\ntu Plan de Negocios aqu\u00ed a trav\u00e9s del <strong>Formulario\nDigital Oficial de Postulaci\u00f3n <\/strong>aqu\u00ed:<a href=\"https:\/\/forms.gle\/8YvK542tkqPkVCyS7\"><strong>https:\/\/forms.gle\/8YvK542tkqPkVCyS7<\/strong><\/a><strong> <\/strong><\/p>\n\n\n\n<p><strong>Plazos de Postulaci\u00f3n <\/strong><\/p>\n\n\n\n<p>Desde el lunes 22 de junio de 2020 hasta las 23:59 hrs. del lunes 13 de julio de\n2020.<\/p>\n\n\n\n<p><strong>Consultas<\/strong><\/p>\n\n\n\n<p>Consultas\ny dudas podr\u00e1n dirigirse al correo electr\u00f3nico <a href=\"mailto:autonomiaeconomicaxii@gmail.com\">autonomiaeconomicaxii@gmail.com<\/a> entre el lunes 22 de junio y hasta el lunes 6 de\njulio de 2020, en horario de 9:00 a 17:00 horas, las que ser\u00e1n respondidas en\nun periodo de hasta 48 horas y de acuerdo a la cantidad de preguntas que sean\nrecepcionadas.<\/p>\n\n\n\n<p><strong>Orientaci\u00f3n\npara la postulaci\u00f3n<\/strong><\/p>\n\n\n\n<p>La\nDirecci\u00f3n Regional de SernamEG desarrollar\u00e1 talleres en l\u00ednea que brindar\u00e1n\norientaci\u00f3n para el proceso de postulaci\u00f3n. Para\nparticipar, las interesadas deber\u00e1n inscribirse aqu\u00ed:<br>\n<a href=\"https:\/\/forms.gle\/TqD2ESwiYeL74w4w9\"><strong>https:\/\/forms.gle\/TqD2ESwiYeL74w4w9<\/strong><\/a> o enviando un correo electr\u00f3nico a <a href=\"mailto:autonomiaeconomicaxii@gmail.com\">autonomiaeconomicaxii@gmail.com<\/a>, indicando la fecha a participar seg\u00fan calendario se\u00f1alado en las\nbases. La participaci\u00f3n en esta actividad por parte\nde la postulante ser\u00e1 voluntaria.<\/p>\n\n\n\n<p>Toda la informaci\u00f3n y bases de esta convocatoria\npueden revisarse en la web de SernamEG aqu\u00ed: <a href=\"https:\/\/www.sernameg.gob.cl\/?page_id=31822\">https:\/\/www.sernameg.gob.cl\/?page_id=31822<\/a><\/p>\n","protected":false},"excerpt":{"rendered":"<p>La Direcci\u00f3n Regional del Servicio Nacional de la Mujer y la Equidad de G\u00e9nero, SernamEG Magallanes, junto a la Serem\u00eda de la Mujer y la Equidad de G\u00e9nero, dieron el&#8230; <a class=\"read-more\" href=\"https:\/\/www.radiopresidenteibanez.cl\/web\/sernameg-abre-convocatoria-a-fondos-de-120-millones-para-planes-de-negocios-de-magallanicas\/\">Leer m\u00e1s<\/a><\/p>\n","protected":false},"author":2,"featured_media":12873,"comment_status":"closed","ping_status":"closed","sticky":false,"template":"","format":"standard","meta":{"footnotes":""},"categories":[1],"tags":[],"class_list":["post-12872","post","type-post","status-publish","format-standard","has-post-thumbnail","hentry","category-cronica"],"_links":{"self":[{"href":"https:\/\/www.radiopresidenteibanez.cl\/web\/wp-json\/wp\/v2\/posts\/12872","targetHints":{"allow":["GET"]}}],"collection":[{"href":"https:\/\/www.radiopresidenteibanez.cl\/web\/wp-json\/wp\/v2\/posts"}],"about":[{"href":"https:\/\/www.radiopresidenteibanez.cl\/web\/wp-json\/wp\/v2\/types\/post"}],"author":[{"embeddable":true,"href":"https:\/\/www.radiopresidenteibanez.cl\/web\/wp-json\/wp\/v2\/users\/2"}],"replies":[{"embeddable":true,"href":"https:\/\/www.radiopresidenteibanez.cl\/web\/wp-json\/wp\/v2\/comments?post=12872"}],"version-history":[{"count":0,"href":"https:\/\/www.radiopresidenteibanez.cl\/web\/wp-json\/wp\/v2\/posts\/12872\/revisions"}],"wp:featuredmedia":[{"embeddable":true,"href":"https:\/\/www.radiopresidenteibanez.cl\/web\/wp-json\/wp\/v2\/media\/12873"}],"wp:attachment":[{"href":"https:\/\/www.radiopresidenteibanez.cl\/web\/wp-json\/wp\/v2\/media?parent=12872"}],"wp:term":[{"taxonomy":"category","embeddable":true,"href":"https:\/\/www.radiopresidenteibanez.cl\/web\/wp-json\/wp\/v2\/categories?post=12872"},{"taxonomy":"post_tag","embeddable":true,"href":"https:\/\/www.radiopresidenteibanez.cl\/web\/wp-json\/wp\/v2\/tags?post=12872"}],"curies":[{"name":"wp","href":"https:\/\/api.w.org\/{rel}","templated":true}]}}