{"id":12869,"date":"2020-06-23T01:40:48","date_gmt":"2020-06-23T01:40:48","guid":{"rendered":"https:\/\/www.radiopresidenteibanez.cl\/web\/?p=12869"},"modified":"2020-06-23T01:40:55","modified_gmt":"2020-06-23T01:40:55","slug":"fundacion-teraike-ofrece-capacitacion-online-gratuita-para-mediadores-de-la-lectura","status":"publish","type":"post","link":"https:\/\/www.radiopresidenteibanez.cl\/web\/fundacion-teraike-ofrece-capacitacion-online-gratuita-para-mediadores-de-la-lectura\/","title":{"rendered":"FUNDACI\u00d3N TERAIKE OFRECE CAPACITACI\u00d3N ONLINE GRATUITA PARA MEDIADORES DE LA LECTURA"},"content":{"rendered":"\n<p>Reflexionar\nsobre los lectores, los libros, y las lecturas para ni\u00f1os y j\u00f3venes; valorar la\nimportancia del rol del mediador de la lectura; y entregar herramientas\npr\u00e1cticas para enriquecer el ejercicio de la mediaci\u00f3n, es el objetivo de la\ncapacitaci\u00f3n a distancia que ofrece Fundaci\u00f3n Teraike. <\/p>\n\n\n\n<p>Este\ncurso ser\u00e1 dictado por Fundaci\u00f3n Entre l\u00edneas, que cuenta con amplia\nexperiencia en este \u00e1mbito, entre otras dictando el Diplomado en apreciaci\u00f3n\nest\u00e9tica de los libros infantiles y juveniles de la Universidad Cat\u00f3lica. La\nrelatora de la capacitaci\u00f3n ser\u00e1 la directora de esta Fundaci\u00f3n, Constanza\nRied, quien comenta: \u201cCreemos que en cada uno de nosotros habita un lector\ninquieto, creativo, cr\u00edtico y competente. Por eso, con esta capacitaci\u00f3n\ninvitamos a profesores, bibliotecarios y mediadores a re enamorarse de la\nlectura y a descubrir nuevas herramientas para contagiarla a nuestros ni\u00f1os,\nni\u00f1as y j\u00f3venes\u201d.<\/p>\n\n\n\n<p>La\ncapacitaci\u00f3n cuenta con dos etapas. La primera ser\u00e1 el s\u00e1bado 4 de julio a las\n11:00 horas. En ella podr\u00e1n participar hasta 80 personas y se entregar\u00e1n\nnociones generales sobre la lectura, los lectores y los mediadores. La segunda\netapa, el s\u00e1bado 11 en el mismo horario, est\u00e1 dise\u00f1ada para un m\u00e1ximo de 40\npersonas, considerando a quienes quieran profundizar en los temas planteados y\nse comprometan a trabajar con el material que se les enviar\u00e1 previamente. Esta\njornada incluir\u00e1 un breve trabajo previo de reflexi\u00f3n y entregar\u00e1 herramientas\nconcretas para la pr\u00e1ctica de la mediaci\u00f3n de la lectura en ni\u00f1os y j\u00f3venes. Ambas\netapas contar\u00e1n con un espacio para comentarios y preguntas.<\/p>\n\n\n\n<p>La\ncapacitaci\u00f3n \u201cMediaci\u00f3n lectora infantil y juvenil: de la teor\u00eda a la pr\u00e1ctica\u201d\nestaba originalmente programada para abril, pero debi\u00f3 suspenderse debido a la\npandemia. Dado el gran inter\u00e9s que hubo por esta actividad, Fundaci\u00f3n Teraike\ndecidi\u00f3 ofrecer una versi\u00f3n m\u00e1s corta y online que esta vez ser\u00e1 gratuita.<\/p>\n\n\n\n<p>\u201cSi\nqueremos fomentar la lectura necesitamos trabajar con los mediadores,\nfundamentales para motivar a los estudiantes. Por esto, en este tiempo dif\u00edcil,\nquisimos traerles un regalo, un momento entretenido donde aprender, reflexionar\ny conocer otras visiones y experiencias que puedan aportar a su crecimiento\npersonal y profesional\u201d, explic\u00f3 Francisca Vogt, directora ejecutiva de\nFundaci\u00f3n Teraike.<\/p>\n\n\n\n<p>Los\ncupos se cerrar\u00e1n por orden de inscripci\u00f3n, la que se realiza en el sitio web\nde Fundaci\u00f3n Teraike: <a href=\"http:\/\/www.fundacionteraike.cl\">www.fundacionteraike.cl<\/a>, donde los interesados podr\u00e1n encontrar toda\nla informaci\u00f3n y el programa del curso.<\/p>\n","protected":false},"excerpt":{"rendered":"<p>Reflexionar sobre los lectores, los libros, y las lecturas para ni\u00f1os y j\u00f3venes; valorar la importancia del rol del mediador de la lectura; y entregar herramientas pr\u00e1cticas para enriquecer el&#8230; <a class=\"read-more\" href=\"https:\/\/www.radiopresidenteibanez.cl\/web\/fundacion-teraike-ofrece-capacitacion-online-gratuita-para-mediadores-de-la-lectura\/\">Leer m\u00e1s<\/a><\/p>\n","protected":false},"author":2,"featured_media":12870,"comment_status":"closed","ping_status":"closed","sticky":false,"template":"","format":"standard","meta":{"footnotes":""},"categories":[1],"tags":[],"class_list":["post-12869","post","type-post","status-publish","format-standard","has-post-thumbnail","hentry","category-cronica"],"_links":{"self":[{"href":"https:\/\/www.radiopresidenteibanez.cl\/web\/wp-json\/wp\/v2\/posts\/12869","targetHints":{"allow":["GET"]}}],"collection":[{"href":"https:\/\/www.radiopresidenteibanez.cl\/web\/wp-json\/wp\/v2\/posts"}],"about":[{"href":"https:\/\/www.radiopresidenteibanez.cl\/web\/wp-json\/wp\/v2\/types\/post"}],"author":[{"embeddable":true,"href":"https:\/\/www.radiopresidenteibanez.cl\/web\/wp-json\/wp\/v2\/users\/2"}],"replies":[{"embeddable":true,"href":"https:\/\/www.radiopresidenteibanez.cl\/web\/wp-json\/wp\/v2\/comments?post=12869"}],"version-history":[{"count":0,"href":"https:\/\/www.radiopresidenteibanez.cl\/web\/wp-json\/wp\/v2\/posts\/12869\/revisions"}],"wp:featuredmedia":[{"embeddable":true,"href":"https:\/\/www.radiopresidenteibanez.cl\/web\/wp-json\/wp\/v2\/media\/12870"}],"wp:attachment":[{"href":"https:\/\/www.radiopresidenteibanez.cl\/web\/wp-json\/wp\/v2\/media?parent=12869"}],"wp:term":[{"taxonomy":"category","embeddable":true,"href":"https:\/\/www.radiopresidenteibanez.cl\/web\/wp-json\/wp\/v2\/categories?post=12869"},{"taxonomy":"post_tag","embeddable":true,"href":"https:\/\/www.radiopresidenteibanez.cl\/web\/wp-json\/wp\/v2\/tags?post=12869"}],"curies":[{"name":"wp","href":"https:\/\/api.w.org\/{rel}","templated":true}]}}