{"id":12866,"date":"2020-06-23T01:34:42","date_gmt":"2020-06-23T01:34:42","guid":{"rendered":"https:\/\/www.radiopresidenteibanez.cl\/web\/?p=12866"},"modified":"2020-06-23T01:34:46","modified_gmt":"2020-06-23T01:34:46","slug":"entregaron-viveres-e-insumos-de-limpieza-a-usuarios-de-programas-del-fosis","status":"publish","type":"post","link":"https:\/\/www.radiopresidenteibanez.cl\/web\/entregaron-viveres-e-insumos-de-limpieza-a-usuarios-de-programas-del-fosis\/","title":{"rendered":"ENTREGARON V\u00cdVERES E INSUMOS DE LIMPIEZA A USUARIOS DE PROGRAMAS DEL FOSIS"},"content":{"rendered":"\n<p>La contingencia sanitaria no\npermiti\u00f3 realizar las actividades de cierre de algunos programas de\nemprendimiento y de habilitaci\u00f3n social, como estaba planificado. Por ello, se\ndestinaron estos recursos para gestionar cajas con productos b\u00e1sicos de\nalimentaci\u00f3n y limpieza, entrega que concluy\u00f3 esta semana.<\/p>\n\n\n\n<p>Si bien estos programas iniciaron\nsu ejecuci\u00f3n a fines de 2019, ten\u00edan fecha de finalizaci\u00f3n en estos \u00faltimos\nmeses del presente a\u00f1o. Sin embargo, en todos ellos se cumplieron los objetivos\ncentrales de capacitaci\u00f3n, asesor\u00eda y entrega de capital semilla en el caso de\nlos emprendedores; y en otros, como los de Acci\u00f3n en Comunidad, la entrega de\nbienes para fortalecer a las organizaciones. <\/p>\n\n\n\n<p>El director regional del FOSIS,\nHern\u00e1n Soto, expres\u00f3 que \u201cen estos momentos de pandemia nuestro servicio se ha\nadaptado y tomado este tipo de medidas para llegar r\u00e1pidamente a las familias,\nen este caso a trav\u00e9s de diversos ejecutores en las comunas de Natales,\nPorvenir y Punta Arenas. Adem\u00e1s, para la ejecuci\u00f3n program\u00e1tica de este a\u00f1o\nhemos aumentado la cobertura y flexibilizado la metodolog\u00eda para salvaguardar\nla salud de los usuarios y sus familias, por lo que se realizar\u00e1n las\ncapacitaciones de manera remota\u201d. <\/p>\n","protected":false},"excerpt":{"rendered":"<p>La contingencia sanitaria no permiti\u00f3 realizar las actividades de cierre de algunos programas de emprendimiento y de habilitaci\u00f3n social, como estaba planificado. Por ello, se destinaron estos recursos para gestionar&#8230; <a class=\"read-more\" href=\"https:\/\/www.radiopresidenteibanez.cl\/web\/entregaron-viveres-e-insumos-de-limpieza-a-usuarios-de-programas-del-fosis\/\">Leer m\u00e1s<\/a><\/p>\n","protected":false},"author":2,"featured_media":12867,"comment_status":"closed","ping_status":"closed","sticky":false,"template":"","format":"standard","meta":{"footnotes":""},"categories":[1],"tags":[],"class_list":["post-12866","post","type-post","status-publish","format-standard","has-post-thumbnail","hentry","category-cronica"],"_links":{"self":[{"href":"https:\/\/www.radiopresidenteibanez.cl\/web\/wp-json\/wp\/v2\/posts\/12866","targetHints":{"allow":["GET"]}}],"collection":[{"href":"https:\/\/www.radiopresidenteibanez.cl\/web\/wp-json\/wp\/v2\/posts"}],"about":[{"href":"https:\/\/www.radiopresidenteibanez.cl\/web\/wp-json\/wp\/v2\/types\/post"}],"author":[{"embeddable":true,"href":"https:\/\/www.radiopresidenteibanez.cl\/web\/wp-json\/wp\/v2\/users\/2"}],"replies":[{"embeddable":true,"href":"https:\/\/www.radiopresidenteibanez.cl\/web\/wp-json\/wp\/v2\/comments?post=12866"}],"version-history":[{"count":0,"href":"https:\/\/www.radiopresidenteibanez.cl\/web\/wp-json\/wp\/v2\/posts\/12866\/revisions"}],"wp:featuredmedia":[{"embeddable":true,"href":"https:\/\/www.radiopresidenteibanez.cl\/web\/wp-json\/wp\/v2\/media\/12867"}],"wp:attachment":[{"href":"https:\/\/www.radiopresidenteibanez.cl\/web\/wp-json\/wp\/v2\/media?parent=12866"}],"wp:term":[{"taxonomy":"category","embeddable":true,"href":"https:\/\/www.radiopresidenteibanez.cl\/web\/wp-json\/wp\/v2\/categories?post=12866"},{"taxonomy":"post_tag","embeddable":true,"href":"https:\/\/www.radiopresidenteibanez.cl\/web\/wp-json\/wp\/v2\/tags?post=12866"}],"curies":[{"name":"wp","href":"https:\/\/api.w.org\/{rel}","templated":true}]}}