{"id":12863,"date":"2020-06-23T01:29:40","date_gmt":"2020-06-23T01:29:40","guid":{"rendered":"https:\/\/www.radiopresidenteibanez.cl\/web\/?p=12863"},"modified":"2020-06-23T01:29:44","modified_gmt":"2020-06-23T01:29:44","slug":"senadis-en-colaboracion-con-umag-entregan-50-mascarillas-para-comunidad-sorda","status":"publish","type":"post","link":"https:\/\/www.radiopresidenteibanez.cl\/web\/senadis-en-colaboracion-con-umag-entregan-50-mascarillas-para-comunidad-sorda\/","title":{"rendered":"SENADIS EN COLABORACI\u00d3N CON UMAG ENTREGAN 50 MASCARILLAS PARA COMUNIDAD SORDA"},"content":{"rendered":"\n<p>Con el objetivo de visibilizar en la comunidad regional las barreras comunicacionales que presentan las personas sordas bajo la emergencia sanitaria, durante esta ma\u00f1ana en la Intendencia Regional de Magallanes se hizo entrega de las primeras 50 mascarillas para la Agrupaci\u00f3n de Sordos de Punta Arenas (ASPA).<\/p>\n\n\n\n<p>Esta iniciativa surgi\u00f3 de la direcci\u00f3n regional del Servicio Nacional de la Discapacidad (Senadis) y cont\u00f3 con el apoyo de la Universidad de Magallanes \u2013 UMAG, instituci\u00f3n acad\u00e9mica que confeccion\u00f3 un total de 100 mascarillas con mica pl\u00e1stica, para facilitar la lectura de labios.<\/p>\n\n\n\n<p>En compa\u00f1\u00eda de la Seremi de Desarrollo Social y Familia, Liz Casanueva, el Director Regional de Senadis, Iv\u00e1n Gonz\u00e1lez se\u00f1al\u00f3 que \u201cen los pr\u00f3ximos d\u00edas se har\u00e1 entrega de las otras 50 mascarillas a los distintos servicios p\u00fablicos que actualmente se encuentran atendiendo de manera presencial, para que sus funcionarios puedan garantizar una lectura de labios, acci\u00f3n que no es posible de lograr con las mascarillas tradicionales\u201d.&nbsp;&nbsp;&nbsp;<\/p>\n\n\n\n<p>Representado a la comunidad, la Presidenta de ASPA Julie Christie agradeci\u00f3 el apoyo a las autoridades, manifestando que \u201ces vital que el servicio p\u00fablico se sume a esta iniciativa para poder disminuir las brechas de comunicaci\u00f3n que existen en la sociedad\u201d.<\/p>\n\n\n\n<p>Finalmente para el Intendente Jos\u00e9 Fern\u00e1ndez, \u201cen el contexto de pandemia, se hace a\u00fan m\u00e1s urgente la adopci\u00f3n de medidas que incluyan a las personas con discapacidad, especialmente en cuanto al acceso a la informaci\u00f3n, considerando todos los medios de comunicaci\u00f3n existentes\u201d.<\/p>\n","protected":false},"excerpt":{"rendered":"<p>Con el objetivo de visibilizar en la comunidad regional las barreras comunicacionales que presentan las personas sordas bajo la emergencia sanitaria, durante esta ma\u00f1ana en la Intendencia Regional de Magallanes&#8230; <a class=\"read-more\" href=\"https:\/\/www.radiopresidenteibanez.cl\/web\/senadis-en-colaboracion-con-umag-entregan-50-mascarillas-para-comunidad-sorda\/\">Leer m\u00e1s<\/a><\/p>\n","protected":false},"author":2,"featured_media":12864,"comment_status":"closed","ping_status":"closed","sticky":false,"template":"","format":"standard","meta":{"footnotes":""},"categories":[1],"tags":[],"class_list":["post-12863","post","type-post","status-publish","format-standard","has-post-thumbnail","hentry","category-cronica"],"_links":{"self":[{"href":"https:\/\/www.radiopresidenteibanez.cl\/web\/wp-json\/wp\/v2\/posts\/12863","targetHints":{"allow":["GET"]}}],"collection":[{"href":"https:\/\/www.radiopresidenteibanez.cl\/web\/wp-json\/wp\/v2\/posts"}],"about":[{"href":"https:\/\/www.radiopresidenteibanez.cl\/web\/wp-json\/wp\/v2\/types\/post"}],"author":[{"embeddable":true,"href":"https:\/\/www.radiopresidenteibanez.cl\/web\/wp-json\/wp\/v2\/users\/2"}],"replies":[{"embeddable":true,"href":"https:\/\/www.radiopresidenteibanez.cl\/web\/wp-json\/wp\/v2\/comments?post=12863"}],"version-history":[{"count":0,"href":"https:\/\/www.radiopresidenteibanez.cl\/web\/wp-json\/wp\/v2\/posts\/12863\/revisions"}],"wp:featuredmedia":[{"embeddable":true,"href":"https:\/\/www.radiopresidenteibanez.cl\/web\/wp-json\/wp\/v2\/media\/12864"}],"wp:attachment":[{"href":"https:\/\/www.radiopresidenteibanez.cl\/web\/wp-json\/wp\/v2\/media?parent=12863"}],"wp:term":[{"taxonomy":"category","embeddable":true,"href":"https:\/\/www.radiopresidenteibanez.cl\/web\/wp-json\/wp\/v2\/categories?post=12863"},{"taxonomy":"post_tag","embeddable":true,"href":"https:\/\/www.radiopresidenteibanez.cl\/web\/wp-json\/wp\/v2\/tags?post=12863"}],"curies":[{"name":"wp","href":"https:\/\/api.w.org\/{rel}","templated":true}]}}