{"id":12860,"date":"2020-06-23T01:27:12","date_gmt":"2020-06-23T01:27:12","guid":{"rendered":"https:\/\/www.radiopresidenteibanez.cl\/web\/?p=12860"},"modified":"2020-06-23T01:27:16","modified_gmt":"2020-06-23T01:27:16","slug":"consejo-regional-se-refirio-a-la-situacion-ocurrida-en-puerto-williams-con-la-sustraccion-de-canastas","status":"publish","type":"post","link":"https:\/\/www.radiopresidenteibanez.cl\/web\/consejo-regional-se-refirio-a-la-situacion-ocurrida-en-puerto-williams-con-la-sustraccion-de-canastas\/","title":{"rendered":"CONSEJO REGIONAL SE REFIRI\u00d3 A LA SITUACI\u00d3N OCURRIDA EN PUERTO WILLIAMS CON LA SUSTRACCI\u00d3N DE CANASTAS"},"content":{"rendered":"\n<p>Frente\na los repudiables hechos acaecidos en el Municipio de Cabo de Hornos, en cuanto\na la sustracci\u00f3n de canastas familiares destinadas a mitigar en parte, las\nnecesidades de supervivencia de la poblaci\u00f3n en estos dif\u00edciles tiempos de\npandemia, lo que ha generado una gran preocupaci\u00f3n en este Cuerpo Colegiado, en\nla Sesi\u00f3n Plenaria del d\u00eda de hoy, en forma un\u00e1nime, se solicit\u00f3 al Sr.\nIntendente Regional, dentro del \u00e1mbito de sus competencias, lo siguiente:<\/p>\n\n\n\n<p><strong>1\u00ba.-<\/strong> Iniciar a una exhaustiva\ninvestigaci\u00f3n, a efecto de determinar con exactitud, las causas y eventuales\nresponsabilidades de quien o quienes, por acci\u00f3n u omisi\u00f3n o por falta de\nrigurosidad en el ejercicio propio de sus funciones o en el cumplimiento de sus\nobligaciones, generaron directamente o no, la falta de resguardo y cuidado en\nla cadena de distribuci\u00f3n y\/o acopio de estos elementos de primer\u00edsima\nnecesidad, los que han sido \u00edntegramente financiados con recursos regionales\nprovenientes del fondo de emergencia del 5% del FNDR del presente a\u00f1o,\nautorizados tempranamente por este Cuerpo Colegiado en el mes de abril, para ir\nprecisamente, en ayuda de quienes m\u00e1s lo necesitan.<\/p>\n\n\n\n<p><strong>2\u00ba.-<\/strong> Velar preventivamente por el\nestricto cumplimiento de las instrucciones impartidas por la Contralor\u00eda\nGeneral de la Rep\u00fablica respecto de todos los municipios y de los \u00f3rganos de la\nAdministraci\u00f3n del Estado que operan en la Regi\u00f3n, ello sobre los controles\nm\u00ednimos asociados a la recepci\u00f3n y entrega de beneficios para enfrentar la\npandemia del coronavirus, Covid-19, contenidos en el Dictamen E7072\/2020 de\n27-05-2020, cuya copia simple se acompa\u00f1a al presente.<\/p>\n\n\n\n<p>&nbsp;&nbsp;&nbsp;&nbsp;&nbsp;&nbsp;&nbsp;&nbsp;&nbsp;&nbsp;&nbsp;&nbsp;&nbsp; La comunidad de nuestra Regi\u00f3n debe\ntener la certeza y la tranquilidad que este Consejo Regional no cesar\u00e1 en\nejercer su rol fiscalizador y siempre vigilante del buen uso de los recursos p\u00fablicos\nque se destinan para la asistencia, el progreso y el desarrollo de nuestro\nextenso territorio Austral. <\/p>\n","protected":false},"excerpt":{"rendered":"<p>Frente a los repudiables hechos acaecidos en el Municipio de Cabo de Hornos, en cuanto a la sustracci\u00f3n de canastas familiares destinadas a mitigar en parte, las necesidades de supervivencia&#8230; <a class=\"read-more\" href=\"https:\/\/www.radiopresidenteibanez.cl\/web\/consejo-regional-se-refirio-a-la-situacion-ocurrida-en-puerto-williams-con-la-sustraccion-de-canastas\/\">Leer m\u00e1s<\/a><\/p>\n","protected":false},"author":2,"featured_media":12861,"comment_status":"closed","ping_status":"closed","sticky":false,"template":"","format":"standard","meta":{"footnotes":""},"categories":[1],"tags":[],"class_list":["post-12860","post","type-post","status-publish","format-standard","has-post-thumbnail","hentry","category-cronica"],"_links":{"self":[{"href":"https:\/\/www.radiopresidenteibanez.cl\/web\/wp-json\/wp\/v2\/posts\/12860","targetHints":{"allow":["GET"]}}],"collection":[{"href":"https:\/\/www.radiopresidenteibanez.cl\/web\/wp-json\/wp\/v2\/posts"}],"about":[{"href":"https:\/\/www.radiopresidenteibanez.cl\/web\/wp-json\/wp\/v2\/types\/post"}],"author":[{"embeddable":true,"href":"https:\/\/www.radiopresidenteibanez.cl\/web\/wp-json\/wp\/v2\/users\/2"}],"replies":[{"embeddable":true,"href":"https:\/\/www.radiopresidenteibanez.cl\/web\/wp-json\/wp\/v2\/comments?post=12860"}],"version-history":[{"count":0,"href":"https:\/\/www.radiopresidenteibanez.cl\/web\/wp-json\/wp\/v2\/posts\/12860\/revisions"}],"wp:featuredmedia":[{"embeddable":true,"href":"https:\/\/www.radiopresidenteibanez.cl\/web\/wp-json\/wp\/v2\/media\/12861"}],"wp:attachment":[{"href":"https:\/\/www.radiopresidenteibanez.cl\/web\/wp-json\/wp\/v2\/media?parent=12860"}],"wp:term":[{"taxonomy":"category","embeddable":true,"href":"https:\/\/www.radiopresidenteibanez.cl\/web\/wp-json\/wp\/v2\/categories?post=12860"},{"taxonomy":"post_tag","embeddable":true,"href":"https:\/\/www.radiopresidenteibanez.cl\/web\/wp-json\/wp\/v2\/tags?post=12860"}],"curies":[{"name":"wp","href":"https:\/\/api.w.org\/{rel}","templated":true}]}}