{"id":12857,"date":"2020-06-23T01:24:08","date_gmt":"2020-06-23T01:24:08","guid":{"rendered":"https:\/\/www.radiopresidenteibanez.cl\/web\/?p=12857"},"modified":"2020-06-23T01:24:15","modified_gmt":"2020-06-23T01:24:15","slug":"diputado-bianchi-inicia-campana-de-fiscalizacion-y-orientacion-para-el-ingreso-familiar-de-emergencia","status":"publish","type":"post","link":"https:\/\/www.radiopresidenteibanez.cl\/web\/diputado-bianchi-inicia-campana-de-fiscalizacion-y-orientacion-para-el-ingreso-familiar-de-emergencia\/","title":{"rendered":"DIPUTADO BIANCHI INICIA CAMPA\u00d1A DE FISCALIZACI\u00d3N Y ORIENTACI\u00d3N PARA EL INGRESO FAMILIAR DE EMERGENCIA"},"content":{"rendered":"\n<p>El diputado magall\u00e1nico inici\u00f3\nla campa\u00f1a que tiene como objetivo guiar a todos quienes requieran ayuda en el\nproceso para obtener el Ingreso Familiar de Emergencia (IFE).<\/p>\n\n\n\n<p>Para la postulaci\u00f3n y\napelaci\u00f3n, se podr\u00e1 ir de manera presencial y llevar su documentaci\u00f3n a la\noficina ubicada en calle Chilo\u00e9 786 de lunes a viernes entre las 10 y las 13\nhoras, y luego de 15 a 18 horas.<\/p>\n\n\n\n<p>Tambi\u00e9n podr\u00e1n resolver sus\ndudas de manera online a trav\u00e9s de la p\u00e1gina de Facebook Karim Bianchi\nDiputado, al mail gabinetediputadobianchi@gmail.com, a trav\u00e9s del Whatsapp +56972461504\ny al n\u00famero fijo de la oficina 612224386.<\/p>\n\n\n\n<p>El llamado Ingreso Familiar de\nEmergencia 2.0 promulgado por el presidente Pi\u00f1era, tiene una cobertura\nque&nbsp;llegar\u00e1 al 80% de los hogares m\u00e1s vulnerables&nbsp;e incluye a\ntrabajadores independientes.<\/p>\n\n\n\n<p>El monto entregado pasar\u00e1&nbsp;de\nlos $65 mil a los $100 mil&nbsp;pesos como m\u00e1ximo para cada beneficiario o\nintegrante de hogares compuestos hasta por cuatro personas. En el caso de\nquienes cuenten con alg\u00fan ingreso formal, el pago de su IFE corresponder\u00e1 a la\ndiferencia que falte para llegar a los 100 mil pesos, pero partiendo de una\nbase no inferior a los $20.000.<\/p>\n\n\n\n<p>El diputado independiente\nexplica que, si se ha recibido alg\u00fan beneficio del Estado, el pago es autom\u00e1tico,\npero si nunca ha sido incorporado al Registro Social de Hogares, se debe\npostular y hay plazo hasta el 9 de julio.<\/p>\n\n\n\n<p>Si la persona ya postul\u00f3 al IFE y el resultado no refleja adecuadamente\nsu situaci\u00f3n de ingresos, se puede solicitar su revisi\u00f3n actualizando la\ninformaci\u00f3n y adjuntando la documentaci\u00f3n necesaria.<\/p>\n","protected":false},"excerpt":{"rendered":"<p>El diputado magall\u00e1nico inici\u00f3 la campa\u00f1a que tiene como objetivo guiar a todos quienes requieran ayuda en el proceso para obtener el Ingreso Familiar de Emergencia (IFE). Para la postulaci\u00f3n&#8230; <a class=\"read-more\" href=\"https:\/\/www.radiopresidenteibanez.cl\/web\/diputado-bianchi-inicia-campana-de-fiscalizacion-y-orientacion-para-el-ingreso-familiar-de-emergencia\/\">Leer m\u00e1s<\/a><\/p>\n","protected":false},"author":2,"featured_media":12858,"comment_status":"closed","ping_status":"closed","sticky":false,"template":"","format":"standard","meta":{"footnotes":""},"categories":[1],"tags":[],"class_list":["post-12857","post","type-post","status-publish","format-standard","has-post-thumbnail","hentry","category-cronica"],"_links":{"self":[{"href":"https:\/\/www.radiopresidenteibanez.cl\/web\/wp-json\/wp\/v2\/posts\/12857","targetHints":{"allow":["GET"]}}],"collection":[{"href":"https:\/\/www.radiopresidenteibanez.cl\/web\/wp-json\/wp\/v2\/posts"}],"about":[{"href":"https:\/\/www.radiopresidenteibanez.cl\/web\/wp-json\/wp\/v2\/types\/post"}],"author":[{"embeddable":true,"href":"https:\/\/www.radiopresidenteibanez.cl\/web\/wp-json\/wp\/v2\/users\/2"}],"replies":[{"embeddable":true,"href":"https:\/\/www.radiopresidenteibanez.cl\/web\/wp-json\/wp\/v2\/comments?post=12857"}],"version-history":[{"count":0,"href":"https:\/\/www.radiopresidenteibanez.cl\/web\/wp-json\/wp\/v2\/posts\/12857\/revisions"}],"wp:featuredmedia":[{"embeddable":true,"href":"https:\/\/www.radiopresidenteibanez.cl\/web\/wp-json\/wp\/v2\/media\/12858"}],"wp:attachment":[{"href":"https:\/\/www.radiopresidenteibanez.cl\/web\/wp-json\/wp\/v2\/media?parent=12857"}],"wp:term":[{"taxonomy":"category","embeddable":true,"href":"https:\/\/www.radiopresidenteibanez.cl\/web\/wp-json\/wp\/v2\/categories?post=12857"},{"taxonomy":"post_tag","embeddable":true,"href":"https:\/\/www.radiopresidenteibanez.cl\/web\/wp-json\/wp\/v2\/tags?post=12857"}],"curies":[{"name":"wp","href":"https:\/\/api.w.org\/{rel}","templated":true}]}}