{"id":12797,"date":"2020-06-19T12:53:45","date_gmt":"2020-06-19T12:53:45","guid":{"rendered":"https:\/\/www.radiopresidenteibanez.cl\/web\/?p=12797"},"modified":"2020-06-19T12:53:49","modified_gmt":"2020-06-19T12:53:49","slug":"sip-de-carabineros-detuvo-a-un-sujeto-en-puerto-natales-por-comercializacion-de-droga-denominada-extasis","status":"publish","type":"post","link":"https:\/\/www.radiopresidenteibanez.cl\/web\/sip-de-carabineros-detuvo-a-un-sujeto-en-puerto-natales-por-comercializacion-de-droga-denominada-extasis\/","title":{"rendered":"SIP DE CARABINEROS DETUVO A UN SUJETO EN PUERTO NATALES POR COMERCIALIZACI\u00d3N DE DROGA DENOMINADA \u201c\u00c9XTASIS\u201d"},"content":{"rendered":"\n<p>Luego de una denuncia an\u00f3nima personal de la SIP de Carabineros,\ndetuvo a un sujeto que comercializaba en distintos puntos de la ciudad de Puerto\nNatales, una droga denominada \u201c\u00e9xtasis\u201d, en la ocasi\u00f3n se incaut\u00f3 un total de 4\npastillas de la droga antes mencionada alcanzando con su posible venta un valor\nde $80.000.<\/p>\n\n\n\n<p>El individuo pasar\u00e1 este viernes a la justicia para su control de detenci\u00f3n en la Provincia de \u00daltima Esperanza. <\/p>\n\n\n\n<p><\/p>\n\n\n\n<p>CHH.<\/p>\n","protected":false},"excerpt":{"rendered":"<p>Luego de una denuncia an\u00f3nima personal de la SIP de Carabineros, detuvo a un sujeto que comercializaba en distintos puntos de la ciudad de Puerto Natales, una droga denominada \u201c\u00e9xtasis\u201d,&#8230; <a class=\"read-more\" href=\"https:\/\/www.radiopresidenteibanez.cl\/web\/sip-de-carabineros-detuvo-a-un-sujeto-en-puerto-natales-por-comercializacion-de-droga-denominada-extasis\/\">Leer m\u00e1s<\/a><\/p>\n","protected":false},"author":2,"featured_media":12798,"comment_status":"closed","ping_status":"closed","sticky":false,"template":"","format":"standard","meta":{"footnotes":""},"categories":[1],"tags":[],"class_list":["post-12797","post","type-post","status-publish","format-standard","has-post-thumbnail","hentry","category-cronica"],"_links":{"self":[{"href":"https:\/\/www.radiopresidenteibanez.cl\/web\/wp-json\/wp\/v2\/posts\/12797","targetHints":{"allow":["GET"]}}],"collection":[{"href":"https:\/\/www.radiopresidenteibanez.cl\/web\/wp-json\/wp\/v2\/posts"}],"about":[{"href":"https:\/\/www.radiopresidenteibanez.cl\/web\/wp-json\/wp\/v2\/types\/post"}],"author":[{"embeddable":true,"href":"https:\/\/www.radiopresidenteibanez.cl\/web\/wp-json\/wp\/v2\/users\/2"}],"replies":[{"embeddable":true,"href":"https:\/\/www.radiopresidenteibanez.cl\/web\/wp-json\/wp\/v2\/comments?post=12797"}],"version-history":[{"count":0,"href":"https:\/\/www.radiopresidenteibanez.cl\/web\/wp-json\/wp\/v2\/posts\/12797\/revisions"}],"wp:featuredmedia":[{"embeddable":true,"href":"https:\/\/www.radiopresidenteibanez.cl\/web\/wp-json\/wp\/v2\/media\/12798"}],"wp:attachment":[{"href":"https:\/\/www.radiopresidenteibanez.cl\/web\/wp-json\/wp\/v2\/media?parent=12797"}],"wp:term":[{"taxonomy":"category","embeddable":true,"href":"https:\/\/www.radiopresidenteibanez.cl\/web\/wp-json\/wp\/v2\/categories?post=12797"},{"taxonomy":"post_tag","embeddable":true,"href":"https:\/\/www.radiopresidenteibanez.cl\/web\/wp-json\/wp\/v2\/tags?post=12797"}],"curies":[{"name":"wp","href":"https:\/\/api.w.org\/{rel}","templated":true}]}}