{"id":12780,"date":"2020-06-18T12:57:42","date_gmt":"2020-06-18T12:57:42","guid":{"rendered":"https:\/\/www.radiopresidenteibanez.cl\/web\/?p=12780"},"modified":"2020-06-18T12:57:46","modified_gmt":"2020-06-18T12:57:46","slug":"departamento-social-del-municipio-natalino-se-traslada-al-polideportivo-municipal","status":"publish","type":"post","link":"https:\/\/www.radiopresidenteibanez.cl\/web\/departamento-social-del-municipio-natalino-se-traslada-al-polideportivo-municipal\/","title":{"rendered":"DEPARTAMENTO SOCIAL DEL MUNICIPIO NATALINO SE TRASLADA AL POLIDEPORTIVO MUNICIPAL"},"content":{"rendered":"\n<p>Como una forma\nde evitar aglomeraciones y facilitar la entrega de ayudas sociales, la\nDirecci\u00f3n de Desarrollo Comunitario de la Ilustre Municipalidad de Natales\ncomenzar\u00e1 a realizar su atenci\u00f3n vecinal en el hall de acceso del Polideportivo\nMunicipal, ubicado en avenida Libertad #93.<\/p>\n\n\n\n<p>Las atenciones\nse realizar\u00e1n de manera normal en el nuevo recinto, a partir de las 8:00 a\n13:00 hrs de lunes a viernes. El cambio ser\u00e1 moment\u00e1neo y se extender\u00e1 hasta\nque todas las ayudas sociales sean entregadas.<\/p>\n\n\n\n<p>Seg\u00fan el\nalcalde de la comuna, esta medida fue tomada dada la alta afluencia de p\u00fablico\npresente en el departamento social. \u201cHemos observado que el espacio del municipio\na veces es insuficiente para poder albergar bajo techo a todas las personas que\nlleguen\u201d.<\/p>\n\n\n\n<p>Asimismo,\nFernando Paredes recalc\u00f3 que este cambio se realiz\u00f3 pensando en la comunidad.\n\u201cNosotros tenemos que prever que la gente que acuda al municipio no est\u00e9\nexpuesta al aire libre por las condiciones clim\u00e1ticas\u201d.<\/p>\n\n\n\n<p>Al finalizar,\nel jefe comunal se\u00f1al\u00f3 que como municipio est\u00e1n con toda la disposici\u00f3n para\natender a la poblaci\u00f3n, e hizo una invitaci\u00f3n a los vecinos para que se\nacerquen al Polideportivo Municipal.<\/p>\n\n\n\n<p>Adem\u00e1s de la\natenci\u00f3n presencial, los interesados podr\u00e1n llamar a los siguientes n\u00fameros telef\u00f3nicos\n612 209571 \u2013 612 209575 \u2013 612 209577 \u2013 612 209578, horario de atenci\u00f3n de 08:00\na 17:00 horas o al correo electr\u00f3nico <a href=\"mailto:ayudasocial@muninatales.cl\">ayudasocial@muninatales.cl<\/a>.<\/p>\n","protected":false},"excerpt":{"rendered":"<p>Como una forma de evitar aglomeraciones y facilitar la entrega de ayudas sociales, la Direcci\u00f3n de Desarrollo Comunitario de la Ilustre Municipalidad de Natales comenzar\u00e1 a realizar su atenci\u00f3n vecinal&#8230; <a class=\"read-more\" href=\"https:\/\/www.radiopresidenteibanez.cl\/web\/departamento-social-del-municipio-natalino-se-traslada-al-polideportivo-municipal\/\">Leer m\u00e1s<\/a><\/p>\n","protected":false},"author":2,"featured_media":12781,"comment_status":"closed","ping_status":"closed","sticky":false,"template":"","format":"standard","meta":{"footnotes":""},"categories":[1],"tags":[],"class_list":["post-12780","post","type-post","status-publish","format-standard","has-post-thumbnail","hentry","category-cronica"],"_links":{"self":[{"href":"https:\/\/www.radiopresidenteibanez.cl\/web\/wp-json\/wp\/v2\/posts\/12780","targetHints":{"allow":["GET"]}}],"collection":[{"href":"https:\/\/www.radiopresidenteibanez.cl\/web\/wp-json\/wp\/v2\/posts"}],"about":[{"href":"https:\/\/www.radiopresidenteibanez.cl\/web\/wp-json\/wp\/v2\/types\/post"}],"author":[{"embeddable":true,"href":"https:\/\/www.radiopresidenteibanez.cl\/web\/wp-json\/wp\/v2\/users\/2"}],"replies":[{"embeddable":true,"href":"https:\/\/www.radiopresidenteibanez.cl\/web\/wp-json\/wp\/v2\/comments?post=12780"}],"version-history":[{"count":0,"href":"https:\/\/www.radiopresidenteibanez.cl\/web\/wp-json\/wp\/v2\/posts\/12780\/revisions"}],"wp:featuredmedia":[{"embeddable":true,"href":"https:\/\/www.radiopresidenteibanez.cl\/web\/wp-json\/wp\/v2\/media\/12781"}],"wp:attachment":[{"href":"https:\/\/www.radiopresidenteibanez.cl\/web\/wp-json\/wp\/v2\/media?parent=12780"}],"wp:term":[{"taxonomy":"category","embeddable":true,"href":"https:\/\/www.radiopresidenteibanez.cl\/web\/wp-json\/wp\/v2\/categories?post=12780"},{"taxonomy":"post_tag","embeddable":true,"href":"https:\/\/www.radiopresidenteibanez.cl\/web\/wp-json\/wp\/v2\/tags?post=12780"}],"curies":[{"name":"wp","href":"https:\/\/api.w.org\/{rel}","templated":true}]}}