{"id":12777,"date":"2020-06-18T12:55:15","date_gmt":"2020-06-18T12:55:15","guid":{"rendered":"https:\/\/www.radiopresidenteibanez.cl\/web\/?p=12777"},"modified":"2020-06-18T12:55:19","modified_gmt":"2020-06-18T12:55:19","slug":"convergencia-social-suma-a-sus-filas-en-magallanes-al-actual-concejal-mauricio-bahamondes","status":"publish","type":"post","link":"https:\/\/www.radiopresidenteibanez.cl\/web\/convergencia-social-suma-a-sus-filas-en-magallanes-al-actual-concejal-mauricio-bahamondes\/","title":{"rendered":"CONVERGENCIA SOCIAL SUMA A SUS FILAS EN MAGALLANES AL ACTUAL CONCEJAL MAURICIO BAHAMONDES"},"content":{"rendered":"\n<p>\n\nLa semana pasada se hizo efectiva la firma del concejal de Punta Arenas, Mauricio Bahamondes por Convergencia Social (CS), partido pol\u00edtico donde militan el diputado Gabriel Boric y el concejal Arturo D\u00edaz.&nbsp;<\/p>\n\n\n\n<p>Hasta hace un tiempo, Bahamondes militaba en el Partido Radical (PR), donde permaneci\u00f3 alrededor de 15 a\u00f1os.<br><br>Sobre su decisi\u00f3n, el concejal Bahamondes coment\u00f3: \u00abLos individuos evolucionan m\u00e1s r\u00e1pido de lo que evolucionan las instituciones y, en ese sentido, en los \u00faltimos a\u00f1os de militancia me toc\u00f3 ver que los requerimientos de la ciudadan\u00eda o que la respuesta que la clase pol\u00edtica ten\u00eda que dar ya no estaban naciendo desde los partidos, como el PR\u201d. As\u00ed busc\u00f3 otros espacios de participaci\u00f3n, encontrando domicilio pol\u00edtico en Convergencia Social. Es por esto que dice que \u201cel Frente Amplio y en particular Convergencia Social, tienen una sinton\u00eda mucho m\u00e1s afinada respecto de lo que la gente est\u00e1 pidiendo y uno con gusto se suma a trabajar a proyectos que tienen esa proyecci\u00f3n respecto de lo que la ciudadan\u00eda demanda\u201d.&nbsp;<\/p>\n\n\n\n<p>Sobre la incorporaci\u00f3n del edil a esta colectividad, el tambi\u00e9n concejal y presidente regional Arturo D\u00edaz, coment\u00f3 que \u201ccon el concejal Bahamondes desde un inicio en nuestro ejercicio como concejales tuvimos concordancia en la mayor\u00eda de los temas municipales, con el pasar del tiempo, esta alianza de trabajo se materializ\u00f3 en una alianza ideol\u00f3gica al darse cuenta que nuestro partido Convergencia Social representaba el ideal de sociedad al cual aspira decidiendo ingresar a nuestra colectividad, lo cual sin duda es un gran aporte para CS Magallanes\u201d, declar\u00f3.&nbsp;<\/p>\n\n\n\n<p>Finalmente, el diputado por Magallanes, Gabriel Boric, se mostr\u00f3 contento con la nueva incorporaci\u00f3n destacando que \u201cel trabajo que realizan los concejales en las comunas es muy importante, porque el trabajo territorial y la cercan\u00eda con la ciudadan\u00eda es clave para ir respondiendo a las necesidades de la gente\u201d. Adem\u00e1s, se\u00f1ala que \u201ccon Arturo D\u00edaz, a trav\u00e9s del trabajo con organizaciones sociales hemos desarrollado varios proyectos de ley que han nacido desde las inquietudes de las y los magall\u00e1nicos. Por eso, para nosotros es muy valioso poder contar con el trabajo de Mauricio Bahamondes para poder complementar el trabajo territorial y legislativo\u201d.\n\n<\/p>\n","protected":false},"excerpt":{"rendered":"<p>La semana pasada se hizo efectiva la firma del concejal de Punta Arenas, Mauricio Bahamondes por Convergencia Social (CS), partido pol\u00edtico donde militan el diputado Gabriel Boric y el concejal&#8230; <a class=\"read-more\" href=\"https:\/\/www.radiopresidenteibanez.cl\/web\/convergencia-social-suma-a-sus-filas-en-magallanes-al-actual-concejal-mauricio-bahamondes\/\">Leer m\u00e1s<\/a><\/p>\n","protected":false},"author":2,"featured_media":12778,"comment_status":"closed","ping_status":"closed","sticky":false,"template":"","format":"standard","meta":{"footnotes":""},"categories":[5],"tags":[],"class_list":["post-12777","post","type-post","status-publish","format-standard","has-post-thumbnail","hentry","category-politica"],"_links":{"self":[{"href":"https:\/\/www.radiopresidenteibanez.cl\/web\/wp-json\/wp\/v2\/posts\/12777","targetHints":{"allow":["GET"]}}],"collection":[{"href":"https:\/\/www.radiopresidenteibanez.cl\/web\/wp-json\/wp\/v2\/posts"}],"about":[{"href":"https:\/\/www.radiopresidenteibanez.cl\/web\/wp-json\/wp\/v2\/types\/post"}],"author":[{"embeddable":true,"href":"https:\/\/www.radiopresidenteibanez.cl\/web\/wp-json\/wp\/v2\/users\/2"}],"replies":[{"embeddable":true,"href":"https:\/\/www.radiopresidenteibanez.cl\/web\/wp-json\/wp\/v2\/comments?post=12777"}],"version-history":[{"count":0,"href":"https:\/\/www.radiopresidenteibanez.cl\/web\/wp-json\/wp\/v2\/posts\/12777\/revisions"}],"wp:featuredmedia":[{"embeddable":true,"href":"https:\/\/www.radiopresidenteibanez.cl\/web\/wp-json\/wp\/v2\/media\/12778"}],"wp:attachment":[{"href":"https:\/\/www.radiopresidenteibanez.cl\/web\/wp-json\/wp\/v2\/media?parent=12777"}],"wp:term":[{"taxonomy":"category","embeddable":true,"href":"https:\/\/www.radiopresidenteibanez.cl\/web\/wp-json\/wp\/v2\/categories?post=12777"},{"taxonomy":"post_tag","embeddable":true,"href":"https:\/\/www.radiopresidenteibanez.cl\/web\/wp-json\/wp\/v2\/tags?post=12777"}],"curies":[{"name":"wp","href":"https:\/\/api.w.org\/{rel}","templated":true}]}}