{"id":12770,"date":"2020-06-18T12:49:19","date_gmt":"2020-06-18T12:49:19","guid":{"rendered":"https:\/\/www.radiopresidenteibanez.cl\/web\/?p=12770"},"modified":"2020-06-18T12:49:23","modified_gmt":"2020-06-18T12:49:23","slug":"alcalde-pide-mayor-fiscalizacion-a-las-empresas-que-contratan-y-trasladan-trabajadores-desde-otras-partes-del-pais","status":"publish","type":"post","link":"https:\/\/www.radiopresidenteibanez.cl\/web\/alcalde-pide-mayor-fiscalizacion-a-las-empresas-que-contratan-y-trasladan-trabajadores-desde-otras-partes-del-pais\/","title":{"rendered":"ALCALDE PIDE MAYOR FISCALIZACI\u00d3N A LAS EMPRESAS QUE CONTRATAN Y TRASLADAN TRABAJADORES DESDE OTRAS PARTES DEL PA\u00cdS"},"content":{"rendered":"\n<p>Con un oficio enviado el pasado 16 de junio, el alcalde Claudio Radonich exige mayor fiscalizaci\u00f3n por parte de la secretar\u00eda de Salud, a las empresas que trasladan y contratan trabajadores de otros lugares del pa\u00eds, y que no est\u00e1n respetando las cuarentenas obligatorias ni la realizaci\u00f3n de ex\u00e1menes preventivos.<\/p>\n\n\n\n<p>Seg\u00fan dijo Radonich, \u201cesto debe ser costeado por las empresas y no por el Estado, ya que es responsabilidad de ellos resguardar la salud de sus trabajadores\u201d.<\/p>\n\n\n\n<p>La autoridad comunal argumenta que, el requerimiento se funda tambi\u00e9n en la creciente demanda que presenta el sistema de salud a nivel nacional, lo que pondr\u00eda en riesgo posibles traslados hacia el norte del pa\u00eds como ocurri\u00f3 en la primera etapa de la emergencia sanitaria.<\/p>\n\n\n\n<p>\u201cHemos visto c\u00f3mo la irresponsabilidad de una empresa, pone en riesgo a toda la comunidad. Por eso hay que tener mano dura en fiscalizar, por lo que pido reforzar los controles sanitarios por parte de la autoridad correspondiente\u201d, finaliz\u00f3 el jefe comunal.<\/p>\n","protected":false},"excerpt":{"rendered":"<p>Con un oficio enviado el pasado 16 de junio, el alcalde Claudio Radonich exige mayor fiscalizaci\u00f3n por parte de la secretar\u00eda de Salud, a las empresas que trasladan y contratan&#8230; <a class=\"read-more\" href=\"https:\/\/www.radiopresidenteibanez.cl\/web\/alcalde-pide-mayor-fiscalizacion-a-las-empresas-que-contratan-y-trasladan-trabajadores-desde-otras-partes-del-pais\/\">Leer m\u00e1s<\/a><\/p>\n","protected":false},"author":2,"featured_media":6151,"comment_status":"closed","ping_status":"closed","sticky":false,"template":"","format":"standard","meta":{"footnotes":""},"categories":[1],"tags":[],"class_list":["post-12770","post","type-post","status-publish","format-standard","has-post-thumbnail","hentry","category-cronica"],"_links":{"self":[{"href":"https:\/\/www.radiopresidenteibanez.cl\/web\/wp-json\/wp\/v2\/posts\/12770","targetHints":{"allow":["GET"]}}],"collection":[{"href":"https:\/\/www.radiopresidenteibanez.cl\/web\/wp-json\/wp\/v2\/posts"}],"about":[{"href":"https:\/\/www.radiopresidenteibanez.cl\/web\/wp-json\/wp\/v2\/types\/post"}],"author":[{"embeddable":true,"href":"https:\/\/www.radiopresidenteibanez.cl\/web\/wp-json\/wp\/v2\/users\/2"}],"replies":[{"embeddable":true,"href":"https:\/\/www.radiopresidenteibanez.cl\/web\/wp-json\/wp\/v2\/comments?post=12770"}],"version-history":[{"count":0,"href":"https:\/\/www.radiopresidenteibanez.cl\/web\/wp-json\/wp\/v2\/posts\/12770\/revisions"}],"wp:featuredmedia":[{"embeddable":true,"href":"https:\/\/www.radiopresidenteibanez.cl\/web\/wp-json\/wp\/v2\/media\/6151"}],"wp:attachment":[{"href":"https:\/\/www.radiopresidenteibanez.cl\/web\/wp-json\/wp\/v2\/media?parent=12770"}],"wp:term":[{"taxonomy":"category","embeddable":true,"href":"https:\/\/www.radiopresidenteibanez.cl\/web\/wp-json\/wp\/v2\/categories?post=12770"},{"taxonomy":"post_tag","embeddable":true,"href":"https:\/\/www.radiopresidenteibanez.cl\/web\/wp-json\/wp\/v2\/tags?post=12770"}],"curies":[{"name":"wp","href":"https:\/\/api.w.org\/{rel}","templated":true}]}}