{"id":12766,"date":"2020-06-18T12:44:51","date_gmt":"2020-06-18T12:44:51","guid":{"rendered":"https:\/\/www.radiopresidenteibanez.cl\/web\/?p=12766"},"modified":"2020-06-18T12:44:56","modified_gmt":"2020-06-18T12:44:56","slug":"aguas-magallanes-amplia-beneficios-a-las-familias-pertenecientes-al-60-mas-vulnerable-de-la-region","status":"publish","type":"post","link":"https:\/\/www.radiopresidenteibanez.cl\/web\/aguas-magallanes-amplia-beneficios-a-las-familias-pertenecientes-al-60-mas-vulnerable-de-la-region\/","title":{"rendered":"AGUAS MAGALLANES AMPL\u00cdA BENEFICIOS A LAS FAMILIAS PERTENECIENTES AL 60% M\u00c1S VULNERABLE DE LA REGI\u00d3N"},"content":{"rendered":"\n<p>Una ampliaci\u00f3n voluntaria de beneficios destinados especialmente para las familias m\u00e1s vulnerables de la regi\u00f3n anunci\u00f3 hoy Aguas Magallanes, en el contexto de la extensi\u00f3n del Estado de Cat\u00e1strofe por la pandemia del Covid 19.<\/p>\n\n\n\n<p>En esa l\u00ednea, los beneficios anunciados por la empresa a fines de marzo para las familias pertenecientes al 40% m\u00e1s vulnerable, se ampl\u00edan hasta el 60% tipificado as\u00ed por el Registro Social de Hogares. Se incluye aqu\u00ed el no cobro a aquel grupo por el tiempo que dure la emergencia para su posterior prorrateo, sin multas ni intereses. Recordemos que estos beneficios est\u00e1n destinados a mayores de 60 a\u00f1os con dificultades de pago; personas que han perdido sus empleos durante la pandemia, a organizaciones sociales sin fines de lucro como hogares de menores y establecimientos educacionales, entre otros casos.<\/p>\n\n\n\n<p>\u201cTenemos una gran responsabilidad, sobre todo en una contingencia como la actual que requiere que la comunidad cuente -como hasta ahora- con un servicio continuo. Por ello, hemos aplicado medidas de flexibilidad extrema, como la suspensi\u00f3n de los cortes por mora, que ya ha beneficiado a muchas familias en la regi\u00f3n. De esta forma, hemos puesto a disposici\u00f3n de nuestros clientes m\u00faltiples beneficios, que ahora ampliamos\u201d, se\u00f1al\u00f3 Christian Adema Galetovic, gerente regional de Aguas Magallanes.<\/p>\n\n\n\n<p>El ejecutivo agreg\u00f3 que \u201ccon este beneficio adicional, tambi\u00e9n estamos acogiendo la inquietud planteada a nivel legislativo y de la sociedad civil\u201d.<\/p>\n\n\n\n<p>En el caso de las familias que cuentan con subsidio fiscal al consumo de agua potable en cualquiera de sus modalidades, pueden postular a este beneficio, el que se aplicar\u00eda respecto de la parte no subsidiada.&nbsp;<\/p>\n\n\n\n<p>Para consultas, pueden contactarse a los tel\u00e9fonos habilitados provisoriamente durante esta emergencia&nbsp;61 2200 750&nbsp;\u2013&nbsp;61 2200 717&nbsp;\u2013&nbsp;61 2200 958&nbsp;\u2013&nbsp;61 2200 952&nbsp;\u2013&nbsp;61 2200 934, de lunes a viernes de 09:00 a 13:00 hrs. y de 15:00 a 17:30 hrs. El call center&nbsp;61 2280028&nbsp;funciona de lunes a domingo, las 24 horas.<\/p>\n","protected":false},"excerpt":{"rendered":"<p>Una ampliaci\u00f3n voluntaria de beneficios destinados especialmente para las familias m\u00e1s vulnerables de la regi\u00f3n anunci\u00f3 hoy Aguas Magallanes, en el contexto de la extensi\u00f3n del Estado de Cat\u00e1strofe por&#8230; <a class=\"read-more\" href=\"https:\/\/www.radiopresidenteibanez.cl\/web\/aguas-magallanes-amplia-beneficios-a-las-familias-pertenecientes-al-60-mas-vulnerable-de-la-region\/\">Leer m\u00e1s<\/a><\/p>\n","protected":false},"author":2,"featured_media":11936,"comment_status":"closed","ping_status":"closed","sticky":false,"template":"","format":"standard","meta":{"footnotes":""},"categories":[1],"tags":[],"class_list":["post-12766","post","type-post","status-publish","format-standard","has-post-thumbnail","hentry","category-cronica"],"_links":{"self":[{"href":"https:\/\/www.radiopresidenteibanez.cl\/web\/wp-json\/wp\/v2\/posts\/12766","targetHints":{"allow":["GET"]}}],"collection":[{"href":"https:\/\/www.radiopresidenteibanez.cl\/web\/wp-json\/wp\/v2\/posts"}],"about":[{"href":"https:\/\/www.radiopresidenteibanez.cl\/web\/wp-json\/wp\/v2\/types\/post"}],"author":[{"embeddable":true,"href":"https:\/\/www.radiopresidenteibanez.cl\/web\/wp-json\/wp\/v2\/users\/2"}],"replies":[{"embeddable":true,"href":"https:\/\/www.radiopresidenteibanez.cl\/web\/wp-json\/wp\/v2\/comments?post=12766"}],"version-history":[{"count":0,"href":"https:\/\/www.radiopresidenteibanez.cl\/web\/wp-json\/wp\/v2\/posts\/12766\/revisions"}],"wp:featuredmedia":[{"embeddable":true,"href":"https:\/\/www.radiopresidenteibanez.cl\/web\/wp-json\/wp\/v2\/media\/11936"}],"wp:attachment":[{"href":"https:\/\/www.radiopresidenteibanez.cl\/web\/wp-json\/wp\/v2\/media?parent=12766"}],"wp:term":[{"taxonomy":"category","embeddable":true,"href":"https:\/\/www.radiopresidenteibanez.cl\/web\/wp-json\/wp\/v2\/categories?post=12766"},{"taxonomy":"post_tag","embeddable":true,"href":"https:\/\/www.radiopresidenteibanez.cl\/web\/wp-json\/wp\/v2\/tags?post=12766"}],"curies":[{"name":"wp","href":"https:\/\/api.w.org\/{rel}","templated":true}]}}