{"id":12763,"date":"2020-06-18T12:43:54","date_gmt":"2020-06-18T12:43:54","guid":{"rendered":"https:\/\/www.radiopresidenteibanez.cl\/web\/?p=12763"},"modified":"2020-06-18T12:43:58","modified_gmt":"2020-06-18T12:43:58","slug":"municipio-retiro-una-treintena-de-vehiculos-desde-la-via-publica","status":"publish","type":"post","link":"https:\/\/www.radiopresidenteibanez.cl\/web\/municipio-retiro-una-treintena-de-vehiculos-desde-la-via-publica\/","title":{"rendered":"MUNICIPIO RETIR\u00d3 UNA TREINTENA DE VEH\u00cdCULOS DESDE LA V\u00cdA P\u00daBLICA"},"content":{"rendered":"\n<p>Al igual que como se realiz\u00f3 el a\u00f1o&nbsp;2018 &#8211; 2019, la Municipalidad de Punta Arenas est\u00e1 en proceso de elaboraci\u00f3n de las bases de licitaci\u00f3n para concretar el retiro de veh\u00edculos en abandono desde la v\u00eda p\u00fablica, lo cual cuenta con el apoyo y financiamiento de la Subsecretar\u00eda de Prevenci\u00f3n del Delito, luego de aprobar la iniciativa comunal.<\/p>\n\n\n\n<p>Mientras aquello avanza, la Direcci\u00f3n de Operaciones realiz\u00f3 un retiro parcial desde las calles y prolongaciones de Punta Arenas, lo que fue valorado por el alcalde Claudio Radonich, quien manifest\u00f3 que \u201chemos sacado m\u00e1s de treinta veh\u00edculos declarados como Chatarra desde la v\u00eda p\u00fablica, lo que claramente nos deja una ciudad m\u00e1s limpia y segura para nuestros vecinos\u201d. &nbsp;<\/p>\n\n\n\n<p>En ese sentido, el director de Operaciones, Sergio Becerra manifest\u00f3 que \u00abdurante el mes de mayo y junio se realiz\u00f3 el retiro de Chatarras desde la v\u00eda p\u00fablica, lo que se efect\u00faa previa evaluaci\u00f3n y comprobando la falta de placa patente correspondiente, para luego ser enviados hasta el Corral Municipal\u00bb.<\/p>\n\n\n\n<p>A esto Radonich a\u00f1adi\u00f3 que \u201choy estamos preparando las bases de licitaci\u00f3n para poder retirar un n\u00famero importante de veh\u00edculos desde la v\u00eda p\u00fablica, los que esperamos posteriormente, puedan ser chatarrizados\u201d.<\/p>\n\n\n\n<p>Finalmente, el jefe comunal agreg\u00f3 que \u201csi todo sale bien, durante el \u00faltimo trimestre del 2020 debiese estar publicada y adjudicada dicha licitaci\u00f3n\u201d.<\/p>\n","protected":false},"excerpt":{"rendered":"<p>Al igual que como se realiz\u00f3 el a\u00f1o&nbsp;2018 &#8211; 2019, la Municipalidad de Punta Arenas est\u00e1 en proceso de elaboraci\u00f3n de las bases de licitaci\u00f3n para concretar el retiro de&#8230; <a class=\"read-more\" href=\"https:\/\/www.radiopresidenteibanez.cl\/web\/municipio-retiro-una-treintena-de-vehiculos-desde-la-via-publica\/\">Leer m\u00e1s<\/a><\/p>\n","protected":false},"author":2,"featured_media":12764,"comment_status":"closed","ping_status":"closed","sticky":false,"template":"","format":"standard","meta":{"footnotes":""},"categories":[1],"tags":[],"class_list":["post-12763","post","type-post","status-publish","format-standard","has-post-thumbnail","hentry","category-cronica"],"_links":{"self":[{"href":"https:\/\/www.radiopresidenteibanez.cl\/web\/wp-json\/wp\/v2\/posts\/12763","targetHints":{"allow":["GET"]}}],"collection":[{"href":"https:\/\/www.radiopresidenteibanez.cl\/web\/wp-json\/wp\/v2\/posts"}],"about":[{"href":"https:\/\/www.radiopresidenteibanez.cl\/web\/wp-json\/wp\/v2\/types\/post"}],"author":[{"embeddable":true,"href":"https:\/\/www.radiopresidenteibanez.cl\/web\/wp-json\/wp\/v2\/users\/2"}],"replies":[{"embeddable":true,"href":"https:\/\/www.radiopresidenteibanez.cl\/web\/wp-json\/wp\/v2\/comments?post=12763"}],"version-history":[{"count":0,"href":"https:\/\/www.radiopresidenteibanez.cl\/web\/wp-json\/wp\/v2\/posts\/12763\/revisions"}],"wp:featuredmedia":[{"embeddable":true,"href":"https:\/\/www.radiopresidenteibanez.cl\/web\/wp-json\/wp\/v2\/media\/12764"}],"wp:attachment":[{"href":"https:\/\/www.radiopresidenteibanez.cl\/web\/wp-json\/wp\/v2\/media?parent=12763"}],"wp:term":[{"taxonomy":"category","embeddable":true,"href":"https:\/\/www.radiopresidenteibanez.cl\/web\/wp-json\/wp\/v2\/categories?post=12763"},{"taxonomy":"post_tag","embeddable":true,"href":"https:\/\/www.radiopresidenteibanez.cl\/web\/wp-json\/wp\/v2\/tags?post=12763"}],"curies":[{"name":"wp","href":"https:\/\/api.w.org\/{rel}","templated":true}]}}