{"id":12760,"date":"2020-06-17T22:21:33","date_gmt":"2020-06-17T22:21:33","guid":{"rendered":"https:\/\/www.radiopresidenteibanez.cl\/web\/?p=12760"},"modified":"2020-06-17T22:21:38","modified_gmt":"2020-06-17T22:21:38","slug":"par-explora-magallanes-inicia-su-programacion-2020-en-modalidad-online","status":"publish","type":"post","link":"https:\/\/www.radiopresidenteibanez.cl\/web\/par-explora-magallanes-inicia-su-programacion-2020-en-modalidad-online\/","title":{"rendered":"PAR EXPLORA MAGALLANES INICIA SU PROGRAMACI\u00d3N 2020 EN MODALIDAD ONLINE"},"content":{"rendered":"\n<p>La crisis sanitaria oblig\u00f3 a muchas instituciones a cambiar la modalidad de actividades y adaptarse a las nuevas necesidades de la comunidad durante la pandemia que estamos viviendo. Es el caso del PAR Explora Magallanes -perteneciente al Ministerio de Ciencia, Tecnolog\u00eda, Conocimiento e Innovaci\u00f3n- que comenz\u00f3 este mi\u00e9rcoles con sus iniciativas que buscan continuar incentivando la cultura cient\u00edfica. <\/p>\n\n\n\n<p>Seg\u00fan cuenta Claudia Salinas, directora del proyecto, uno de los mayores desaf\u00edos de su equipo fue aprender a utilizar nuevas plataformas y reformular las actividades emblem\u00e1ticas para convertirlas en un apoyo real a las y los profesores de la regi\u00f3n. <\/p>\n\n\n\n<p>\u201cLa mayor\u00eda de nuestras actividades se caracterizaban por ser presenciales y algunas de ellas masivas, por lo mismo tuvimos que reinventarnos. En ese sentido decidimos que quer\u00edamos ser un apoyo para las y los profesores, y por eso las tres iniciativas que comenzaremos est\u00e1n alienadas a las bases curriculares vigentes\u201d, explic\u00f3. <\/p>\n\n\n\n<p>Es as\u00ed como este mi\u00e9rcoles se inici\u00f3 con 1000 Cient\u00edficos 1000 Aulas, actividad que consiste en fortalecer el v\u00ednculo entre cient\u00edficos e investigadores y la comunidad,  y que hoy se realiza a trav\u00e9s del canal de Youtube PAR Explora Magallanes en dos modalidades: c\u00e1psulas audiovisuales y videoconferencias en vivo. <\/p>\n\n\n\n<p> \u201cTenemos charlas programadas charlas para todos los mi\u00e9rcoles. A las 15:00 horas ser\u00e1n transmitidas aquellas que tengan relaci\u00f3n con tem\u00e1ticas escolares, y a las 19:00 las que consideramos sean para p\u00fablico general. La idea por supuesto es que puedan disfrutar del contenido cient\u00edfico en familia y aprender todos juntos\u201d, agreg\u00f3 la directora. <\/p>\n\n\n\n<p> Tambi\u00e9n est\u00e1 programado para este 30 de junio una asesor\u00eda en Investigaci\u00f3n e Innovaci\u00f3n Cient\u00edfica Escolar (IIE), lo que antes eran las capacitaciones CAICE (Club de Apoyo a la Investigaci\u00f3n Cient\u00edfica Escolar). <\/p>\n\n\n\n<p>La invitaci\u00f3n es para todos los y las profesoras motivadas y que quieran potenciar habilidades cient\u00edficas en sus estudiantes de primero b\u00e1sico a cuarto medio. <\/p>\n\n\n\n<p> Y para las y los profesionales y t\u00e9cnicos de educaci\u00f3n parvularia que quieran fortalecer sus competencias en ciencia est\u00e1 el Programa de Indagaci\u00f3n para Primeras Edades (PIPE), que tambi\u00e9n tendr\u00e1 su capacitaci\u00f3n online durante este mes. El objetivo de esta iniciativa es desarrollar en ni\u00f1os y ni\u00f1as de 4 a 6 a\u00f1os las competencias necesarias para que conozcan y comprendan el mundo que los rodea a trav\u00e9s de la indagaci\u00f3n. <\/p>\n\n\n\n<p>El PAR Explora Magallanes tambi\u00e9n se encuentra trabajando para llevar estas iniciativas a las comunas de la regi\u00f3n que no cuentan con Internet, as\u00ed como tambi\u00e9n material complementario para profesores. <\/p>\n\n\n\n<p> Toda la informaci\u00f3n, bases y formularios de postulaci\u00f3n de las distintas iniciativas las pueden encontrar en el sitio web www.explora.cl\/magallanes, al correo comunicaciones.explora@umag.cl o al tel\u00e9fono +56 9 65104164<\/p>\n","protected":false},"excerpt":{"rendered":"<p>La crisis sanitaria oblig\u00f3 a muchas instituciones a cambiar la modalidad de actividades y adaptarse a las nuevas necesidades de la comunidad durante la pandemia que estamos viviendo. Es el&#8230; <a class=\"read-more\" href=\"https:\/\/www.radiopresidenteibanez.cl\/web\/par-explora-magallanes-inicia-su-programacion-2020-en-modalidad-online\/\">Leer m\u00e1s<\/a><\/p>\n","protected":false},"author":2,"featured_media":12761,"comment_status":"closed","ping_status":"closed","sticky":false,"template":"","format":"standard","meta":{"footnotes":""},"categories":[1],"tags":[],"class_list":["post-12760","post","type-post","status-publish","format-standard","has-post-thumbnail","hentry","category-cronica"],"_links":{"self":[{"href":"https:\/\/www.radiopresidenteibanez.cl\/web\/wp-json\/wp\/v2\/posts\/12760","targetHints":{"allow":["GET"]}}],"collection":[{"href":"https:\/\/www.radiopresidenteibanez.cl\/web\/wp-json\/wp\/v2\/posts"}],"about":[{"href":"https:\/\/www.radiopresidenteibanez.cl\/web\/wp-json\/wp\/v2\/types\/post"}],"author":[{"embeddable":true,"href":"https:\/\/www.radiopresidenteibanez.cl\/web\/wp-json\/wp\/v2\/users\/2"}],"replies":[{"embeddable":true,"href":"https:\/\/www.radiopresidenteibanez.cl\/web\/wp-json\/wp\/v2\/comments?post=12760"}],"version-history":[{"count":0,"href":"https:\/\/www.radiopresidenteibanez.cl\/web\/wp-json\/wp\/v2\/posts\/12760\/revisions"}],"wp:featuredmedia":[{"embeddable":true,"href":"https:\/\/www.radiopresidenteibanez.cl\/web\/wp-json\/wp\/v2\/media\/12761"}],"wp:attachment":[{"href":"https:\/\/www.radiopresidenteibanez.cl\/web\/wp-json\/wp\/v2\/media?parent=12760"}],"wp:term":[{"taxonomy":"category","embeddable":true,"href":"https:\/\/www.radiopresidenteibanez.cl\/web\/wp-json\/wp\/v2\/categories?post=12760"},{"taxonomy":"post_tag","embeddable":true,"href":"https:\/\/www.radiopresidenteibanez.cl\/web\/wp-json\/wp\/v2\/tags?post=12760"}],"curies":[{"name":"wp","href":"https:\/\/api.w.org\/{rel}","templated":true}]}}