{"id":12754,"date":"2020-06-17T15:12:00","date_gmt":"2020-06-17T15:12:00","guid":{"rendered":"https:\/\/www.radiopresidenteibanez.cl\/web\/?p=12754"},"modified":"2020-06-17T15:12:04","modified_gmt":"2020-06-17T15:12:04","slug":"todos-los-contagiados-por-covid-19-en-puerto-williams-fueron-dados-de-altas-expreso-el-gobernador-de-la-provincia-antartica-nelson-carcamo","status":"publish","type":"post","link":"https:\/\/www.radiopresidenteibanez.cl\/web\/todos-los-contagiados-por-covid-19-en-puerto-williams-fueron-dados-de-altas-expreso-el-gobernador-de-la-provincia-antartica-nelson-carcamo\/","title":{"rendered":"\u201cTODOS LOS CONTAGIADOS POR COVID-19 EN PUERTO WILLIAMS FUERON DADOS DE ALTAS\u201d EXPRES\u00d3 EL GOBERNADOR DE LA PROVINCIA ANT\u00c1RTICA NELSON C\u00c1RCAMO"},"content":{"rendered":"\n<p>En conversaci\u00f3n con el programa \u201cAvenida 88.5\u201d conducido por\nCristofer Hern\u00e1ndez, el Gobernador de la Provincia Ant\u00e1rtica, Nelson C\u00e1rcamo,\nse refiri\u00f3 al lamentable hecho del robo de canastas familiares por parte de un\nfuncionario del municipio de Cabo de Hornos.<\/p>\n\n\n\n<p>Pero tambi\u00e9n entreg\u00f3 una buena noticia, es que Puerto Williams no presenta ning\u00fan caso activo de Covid-19, \u201clos 21 casos fueron dados de alta, eso es bueno, pero tampoco podemos descuidarnos as\u00ed que el llamado a la comunidad es que sigamos cuid\u00e1ndonos\u201d, puntualiz\u00f3 C\u00e1rcamo.<\/p>\n\n\n\n<p>link entrevista:  <a href=\"https:\/\/www.facebook.com\/287588041574\/videos\/262196441534084\/\">https:\/\/www.facebook.com\/287588041574\/videos\/262196441534084\/<\/a> <\/p>\n\n\n\n<p>CHH.<\/p>\n","protected":false},"excerpt":{"rendered":"<p>En conversaci\u00f3n con el programa \u201cAvenida 88.5\u201d conducido por Cristofer Hern\u00e1ndez, el Gobernador de la Provincia Ant\u00e1rtica, Nelson C\u00e1rcamo, se refiri\u00f3 al lamentable hecho del robo de canastas familiares por&#8230; <a class=\"read-more\" href=\"https:\/\/www.radiopresidenteibanez.cl\/web\/todos-los-contagiados-por-covid-19-en-puerto-williams-fueron-dados-de-altas-expreso-el-gobernador-de-la-provincia-antartica-nelson-carcamo\/\">Leer m\u00e1s<\/a><\/p>\n","protected":false},"author":2,"featured_media":12755,"comment_status":"closed","ping_status":"closed","sticky":false,"template":"","format":"standard","meta":{"footnotes":""},"categories":[1],"tags":[],"class_list":["post-12754","post","type-post","status-publish","format-standard","has-post-thumbnail","hentry","category-cronica"],"_links":{"self":[{"href":"https:\/\/www.radiopresidenteibanez.cl\/web\/wp-json\/wp\/v2\/posts\/12754","targetHints":{"allow":["GET"]}}],"collection":[{"href":"https:\/\/www.radiopresidenteibanez.cl\/web\/wp-json\/wp\/v2\/posts"}],"about":[{"href":"https:\/\/www.radiopresidenteibanez.cl\/web\/wp-json\/wp\/v2\/types\/post"}],"author":[{"embeddable":true,"href":"https:\/\/www.radiopresidenteibanez.cl\/web\/wp-json\/wp\/v2\/users\/2"}],"replies":[{"embeddable":true,"href":"https:\/\/www.radiopresidenteibanez.cl\/web\/wp-json\/wp\/v2\/comments?post=12754"}],"version-history":[{"count":0,"href":"https:\/\/www.radiopresidenteibanez.cl\/web\/wp-json\/wp\/v2\/posts\/12754\/revisions"}],"wp:featuredmedia":[{"embeddable":true,"href":"https:\/\/www.radiopresidenteibanez.cl\/web\/wp-json\/wp\/v2\/media\/12755"}],"wp:attachment":[{"href":"https:\/\/www.radiopresidenteibanez.cl\/web\/wp-json\/wp\/v2\/media?parent=12754"}],"wp:term":[{"taxonomy":"category","embeddable":true,"href":"https:\/\/www.radiopresidenteibanez.cl\/web\/wp-json\/wp\/v2\/categories?post=12754"},{"taxonomy":"post_tag","embeddable":true,"href":"https:\/\/www.radiopresidenteibanez.cl\/web\/wp-json\/wp\/v2\/tags?post=12754"}],"curies":[{"name":"wp","href":"https:\/\/api.w.org\/{rel}","templated":true}]}}