{"id":12750,"date":"2020-06-17T13:48:47","date_gmt":"2020-06-17T13:48:47","guid":{"rendered":"https:\/\/www.radiopresidenteibanez.cl\/web\/?p=12750"},"modified":"2020-06-17T13:49:02","modified_gmt":"2020-06-17T13:49:02","slug":"con-gran-exito-se-desarrollo-campana-activa-tu-mente-en-casa-impulsada-por-servicio-pais-y-la-gobernacion-de-ultima-esperanza","status":"publish","type":"post","link":"https:\/\/www.radiopresidenteibanez.cl\/web\/con-gran-exito-se-desarrollo-campana-activa-tu-mente-en-casa-impulsada-por-servicio-pais-y-la-gobernacion-de-ultima-esperanza\/","title":{"rendered":"CON GRAN \u00c9XITO SE DESARROLL\u00d3 CAMPA\u00d1A \u201cACTIVA TU MENTE EN CASA\u201d, IMPULSADA POR SERVICIO PA\u00cdS Y LA GOBERNACI\u00d3N DE \u00daLTIMA ESPERANZA"},"content":{"rendered":"\n<p>\u201cActiva tu\nMente en Casa\u201d, as\u00ed se llam\u00f3 la campa\u00f1a que se llev\u00f3 a cabo durante estas dos\n\u00faltimas semanas por parte de la Fundaci\u00f3n Superaci\u00f3n de la Pobreza a trav\u00e9s del\nprograma Servicio Pa\u00eds en conjunto con la Gobernaci\u00f3n de \u00daltima Esperanza. La\nidea consisti\u00f3 en reunir la mayor cantidad de art\u00edculos tales como crucigramas,\nsopas de letras, palillos, lana, naipes, libros, etc. con el fin de destinarlos\na los adultos mayores de la provincia.<\/p>\n\n\n\n<p>Ante la\npuesta en marcha de esta campa\u00f1a, el gobernador Ra\u00fal Suazo se mostr\u00f3 muy\nentusiasta, ya que considera que ser\u00e1 una gran ayuda para los adultos mayores,\n\u201ccomo Gobernaci\u00f3n Provincial, estamos muy satisfechos con esta iniciativa que\nest\u00e1 desarrollando el equipo de Servicio Pa\u00eds que trabaja con nosotros, ya que\na causa del Covid-19 muchos ancianos y especialmente los mayores de 75 a\u00f1os han\ntenido que permanecer en sus casas para no exponerse a situaciones de contagio,\ny poder contar con estos elementos les va a ser de gran ayuda para poder estar\nactivos\u201d, se\u00f1al\u00f3 la autoridad provincial.<\/p>\n\n\n\n<p>Para desarrollar\nesta iniciativa, el equipo de Servicio Pa\u00eds estuvo encabezado por la\ntrabajadora social Paloma Riveros y el kinesi\u00f3logo Camilo Reyes, ambos\nrealizaron una campa\u00f1a de difusi\u00f3n a trav\u00e9s de diferentes medios para dar a\nconocer que en la Gobernaci\u00f3n estar\u00edan recepcionando todos estos art\u00edculos. <\/p>\n\n\n\n<p>Sobre la\nrealizaci\u00f3n de \u201cActiva tu Mente en Casa\u201d, Paloma Riveros se\u00f1al\u00f3 que \u201cestamos\nrecolectando todo este material recreativo y de estimulaci\u00f3n cognitiva pensando\nen las personas mayores de la provincia que se han visto mayormente afectadas\npor el distanciamiento f\u00edsico producido por la pandemia, por lo mismo es que\nestuvimos estas dos semanas recolectando estos materiales, ya que la idea es\npoder ayudar a los adultos mayores que han tenido que permanecer en sus\nhogares\u201d. <\/p>\n\n\n\n<p>En tanto,\nCamilo Reyes se refiri\u00f3 a c\u00f3mo se va a realizar la distribuci\u00f3n del material\nreunido, \u201cvamos a tener contacto con la presidencia de la Uni\u00f3n Comunal del Adulto\nMayor (UCAM) y con Senama, ellos nos van a comunicar qui\u00e9nes son los adultos\nmayores que m\u00e1s puedan necesitar el apoyo de estimulaci\u00f3n cognitiva de acuerdo\na sus catastros; con esta informaci\u00f3n, vamos a armar los kits y junto a la\nGobernaci\u00f3n los estaremos entregando a domicilio\u201d, se\u00f1al\u00f3.<\/p>\n\n\n\n<p>De esta\nmanera, y luego de estas semanas de campa\u00f1a en donde una gran cantidad de\npersonas realizaron sus aportes, en los pr\u00f3ximos d\u00edas se har\u00e1 el reparto de\nestos insumos destinados a apoyar a los adultos mayores que se han visto\nespecialmente afectados por las consecuencias del Covid-19. <\/p>\n","protected":false},"excerpt":{"rendered":"<p>\u201cActiva tu Mente en Casa\u201d, as\u00ed se llam\u00f3 la campa\u00f1a que se llev\u00f3 a cabo durante estas dos \u00faltimas semanas por parte de la Fundaci\u00f3n Superaci\u00f3n de la Pobreza a&#8230; <a class=\"read-more\" href=\"https:\/\/www.radiopresidenteibanez.cl\/web\/con-gran-exito-se-desarrollo-campana-activa-tu-mente-en-casa-impulsada-por-servicio-pais-y-la-gobernacion-de-ultima-esperanza\/\">Leer m\u00e1s<\/a><\/p>\n","protected":false},"author":2,"featured_media":12751,"comment_status":"closed","ping_status":"closed","sticky":false,"template":"","format":"standard","meta":{"footnotes":""},"categories":[1],"tags":[],"class_list":["post-12750","post","type-post","status-publish","format-standard","has-post-thumbnail","hentry","category-cronica"],"_links":{"self":[{"href":"https:\/\/www.radiopresidenteibanez.cl\/web\/wp-json\/wp\/v2\/posts\/12750","targetHints":{"allow":["GET"]}}],"collection":[{"href":"https:\/\/www.radiopresidenteibanez.cl\/web\/wp-json\/wp\/v2\/posts"}],"about":[{"href":"https:\/\/www.radiopresidenteibanez.cl\/web\/wp-json\/wp\/v2\/types\/post"}],"author":[{"embeddable":true,"href":"https:\/\/www.radiopresidenteibanez.cl\/web\/wp-json\/wp\/v2\/users\/2"}],"replies":[{"embeddable":true,"href":"https:\/\/www.radiopresidenteibanez.cl\/web\/wp-json\/wp\/v2\/comments?post=12750"}],"version-history":[{"count":0,"href":"https:\/\/www.radiopresidenteibanez.cl\/web\/wp-json\/wp\/v2\/posts\/12750\/revisions"}],"wp:featuredmedia":[{"embeddable":true,"href":"https:\/\/www.radiopresidenteibanez.cl\/web\/wp-json\/wp\/v2\/media\/12751"}],"wp:attachment":[{"href":"https:\/\/www.radiopresidenteibanez.cl\/web\/wp-json\/wp\/v2\/media?parent=12750"}],"wp:term":[{"taxonomy":"category","embeddable":true,"href":"https:\/\/www.radiopresidenteibanez.cl\/web\/wp-json\/wp\/v2\/categories?post=12750"},{"taxonomy":"post_tag","embeddable":true,"href":"https:\/\/www.radiopresidenteibanez.cl\/web\/wp-json\/wp\/v2\/tags?post=12750"}],"curies":[{"name":"wp","href":"https:\/\/api.w.org\/{rel}","templated":true}]}}