{"id":12747,"date":"2020-06-17T13:42:31","date_gmt":"2020-06-17T13:42:31","guid":{"rendered":"https:\/\/www.radiopresidenteibanez.cl\/web\/?p=12747"},"modified":"2020-06-17T13:42:35","modified_gmt":"2020-06-17T13:42:35","slug":"alcalde-de-natales-solicita-a-intendente-regional-fondo-especial-fondema-para-pymes","status":"publish","type":"post","link":"https:\/\/www.radiopresidenteibanez.cl\/web\/alcalde-de-natales-solicita-a-intendente-regional-fondo-especial-fondema-para-pymes\/","title":{"rendered":"ALCALDE DE NATALES SOLICITA A INTENDENTE REGIONAL FONDO ESPECIAL FONDEMA PARA PYMES"},"content":{"rendered":"\n<p>El alcalde de\nNatales, Fernando Paredes Masilla, se reuni\u00f3 &nbsp;con la C\u00e1mara de Comercio, Turismo y el gremio\ngastron\u00f3mico mediante una videoconferencia, en la ocasi\u00f3n, la m\u00e1xima autoridad\ncomunal le inform\u00f3 a los gremios productivos sobre la solicitud del municipio a\nla Intendencia de Magallanes para implementar una ayuda especial a las pymes de\nPuerto Natales.<\/p>\n\n\n\n<p>La solicitud\nse enmarca en la importante disminuci\u00f3n econ\u00f3mica que han sufrido los distintos\nemprendedores locales producto de la pandemia mundial. <\/p>\n\n\n\n<p>El jefe\ncomunal, se\u00f1al\u00f3 que a trav\u00e9s de todo el pa\u00eds los emprendedores est\u00e1n pasando\npor momentos dif\u00edciles, por eso es necesario apoyarlos fuertemente. \u201cEl\nmunicipio ha solicitado oficialmente al intendente regional como primera\nautoridad de gobierno en la regi\u00f3n, que implemente una ayuda especial para los\npeque\u00f1os empresarios de Puerto Natales, formalizando lo que pueda ser una\nestructura del Fondema que vaya en directo apoyo a todos los peque\u00f1os y\nmedianos empresarios de Puerto Natales\u201d.<\/p>\n\n\n\n<p>Asimismo,\nFernando Paredes, destac\u00f3 que el turismo es una gran actividad productiva en\nPuerto Natales. \u201cEl gobierno regional debe apoyar en un momento tan dif\u00edcil a\nuna actividad tan productiva como lo es el turismo en nuestra ciudad\u201d. <\/p>\n\n\n\n<p>Adem\u00e1s,\nmanifest\u00f3 que como una forma demostrar el compromiso con los habitantes de\nNatales est\u00e1n analizando nuevas medidas para reforzar el apoyo a los peque\u00f1os\ncomerciantes, \u201cotorgar plazos adicionales para el pago de patentes municipales,\nprincipalmente comerciales como tambi\u00e9n generar facilidades para que se\nproyecte el pago de los derechos de aseo y los derechos de publicidad, todas\nestas son medidas que estamos impulsando en el municipio para ir en ayuda de\nnuestros peque\u00f1os empresarios\u201d.<\/p>\n\n\n\n<p>Finalmente, el alcalde de Natales recalc\u00f3 que el destino de los recursos del Fondema dependen 100% de una decisi\u00f3n regional, espec\u00edficamente del Intendente y los Consejeros Regionales, por lo que espera que la petici\u00f3n sea analizada y tenga una respuesta positiva para poder comenzar a trabajar en soluciones r\u00e1pidas y no depender siempre del gobierno central.<\/p>\n","protected":false},"excerpt":{"rendered":"<p>El alcalde de Natales, Fernando Paredes Masilla, se reuni\u00f3 &nbsp;con la C\u00e1mara de Comercio, Turismo y el gremio gastron\u00f3mico mediante una videoconferencia, en la ocasi\u00f3n, la m\u00e1xima autoridad comunal le&#8230; <a class=\"read-more\" href=\"https:\/\/www.radiopresidenteibanez.cl\/web\/alcalde-de-natales-solicita-a-intendente-regional-fondo-especial-fondema-para-pymes\/\">Leer m\u00e1s<\/a><\/p>\n","protected":false},"author":2,"featured_media":12748,"comment_status":"closed","ping_status":"closed","sticky":false,"template":"","format":"standard","meta":{"footnotes":""},"categories":[1],"tags":[],"class_list":["post-12747","post","type-post","status-publish","format-standard","has-post-thumbnail","hentry","category-cronica"],"_links":{"self":[{"href":"https:\/\/www.radiopresidenteibanez.cl\/web\/wp-json\/wp\/v2\/posts\/12747","targetHints":{"allow":["GET"]}}],"collection":[{"href":"https:\/\/www.radiopresidenteibanez.cl\/web\/wp-json\/wp\/v2\/posts"}],"about":[{"href":"https:\/\/www.radiopresidenteibanez.cl\/web\/wp-json\/wp\/v2\/types\/post"}],"author":[{"embeddable":true,"href":"https:\/\/www.radiopresidenteibanez.cl\/web\/wp-json\/wp\/v2\/users\/2"}],"replies":[{"embeddable":true,"href":"https:\/\/www.radiopresidenteibanez.cl\/web\/wp-json\/wp\/v2\/comments?post=12747"}],"version-history":[{"count":0,"href":"https:\/\/www.radiopresidenteibanez.cl\/web\/wp-json\/wp\/v2\/posts\/12747\/revisions"}],"wp:featuredmedia":[{"embeddable":true,"href":"https:\/\/www.radiopresidenteibanez.cl\/web\/wp-json\/wp\/v2\/media\/12748"}],"wp:attachment":[{"href":"https:\/\/www.radiopresidenteibanez.cl\/web\/wp-json\/wp\/v2\/media?parent=12747"}],"wp:term":[{"taxonomy":"category","embeddable":true,"href":"https:\/\/www.radiopresidenteibanez.cl\/web\/wp-json\/wp\/v2\/categories?post=12747"},{"taxonomy":"post_tag","embeddable":true,"href":"https:\/\/www.radiopresidenteibanez.cl\/web\/wp-json\/wp\/v2\/tags?post=12747"}],"curies":[{"name":"wp","href":"https:\/\/api.w.org\/{rel}","templated":true}]}}