{"id":12742,"date":"2020-06-17T13:36:27","date_gmt":"2020-06-17T13:36:27","guid":{"rendered":"https:\/\/www.radiopresidenteibanez.cl\/web\/?p=12742"},"modified":"2020-06-17T13:36:31","modified_gmt":"2020-06-17T13:36:31","slug":"juan-manuel-miranda-vargas-por-rolando-martinez","status":"publish","type":"post","link":"https:\/\/www.radiopresidenteibanez.cl\/web\/juan-manuel-miranda-vargas-por-rolando-martinez\/","title":{"rendered":"JUAN MANUEL MIRANDA VARGAS por Rolando Mart\u00ednez"},"content":{"rendered":"\n<p>Nuestro querido amigo, Juan Manuel Miranda Vargas, naci\u00f3 un 2 de Junio\nde 1950 en Punta Arenas, hijo de Abraham Miranda Alderete y Carmen Rosa Vargas\nVidal, ambos provenientes de la isla Grande de Chilo\u00e9.<\/p>\n\n\n\n<p>Fue una de las voces de la radiotelefon\u00eda en Magallanes y Santiago en\nlos \u00faltimos 50 a\u00f1os, ciclo que celebr\u00f3 el 27 de diciembre del a\u00f1o pasado con un\nprograma especial que fue transmitido en el programa matinal que \u00e9l mismo\ncondujo en TV Red junto a Iv\u00e1n Yutronic y producido por Berta Hern\u00e1ndez.<\/p>\n\n\n\n<p>Sus estudios b\u00e1sicos los curs\u00f3 en la escuela 7 y los medios en el Liceo\nIndustrial de donde egres\u00f3 como t\u00e9cnico mec\u00e1nico. Incluso sus buenos\nrendimientos le hab\u00edan permitido quedar seleccionado para hacer pr\u00e1ctica en la\nEnap, pero \u00e9l renunci\u00f3 a ello porque su pasi\u00f3n era la radio hasta donde se\nhab\u00eda acercado al participar en un programa juvenil.<\/p>\n\n\n\n<p>En entrevista a La Prensa Austral recordaba que \u201cEn casa, me salv\u00e9 de un\nsartenazo porque Dios es grande. Mi progenitora puso el grito en el cielo\namenaz\u00e1ndome con las penas del infierno\u201d.<\/p>\n\n\n\n<p>\u201c\u2018\u00a1T\u00fa crees que vas a echar por la borda cinco a\u00f1os de estudios para ir\na trabajar con puros borrachos, bohemios, gente que pasa botados en los bares!\nVas a ir a la Escuela Industrial y le dir\u00e1s que s\u00ed har\u00e1s la pr\u00e1ctica en Enap\u2019,\nme reprendi\u00f3 mi mam\u00e1\u201d.<\/p>\n\n\n\n<p>\u201cNo le hice caso y me qued\u00e9\u201d.<\/p>\n\n\n\n<p>Su carrera radial comenz\u00f3 en Radio Miner\u00eda en 1969 donde se mantuvo\nhasta 1973. En mayo de ese a\u00f1o se fue a trabajar a la radio Presidente Ib\u00e1\u00f1ez.\nEn un primer periodo permaneci\u00f3 hasta junio del a\u00f1o 1976 cuando decidi\u00f3\ntrasladarse a Santiago. Primero fue lector de noticias en la radio Balmaceda,\npero solo dur\u00f3 seis meses cuando la radioemisora, de la Democracia Cristiana,\nfue clausurada por la dictadura militar. <\/p>\n\n\n\n<p>Juan Miranda vivi\u00f3 en carne propia la cesant\u00eda hasta que se le present\u00f3\nla oportunidad de trabajar en radio Bulnes, siendo locutor comercial de un\nprograma deportivo. All\u00ed solo estuvo dos meses hasta que fue contratado por la\nradio Portales, que en esos a\u00f1os era entre las m\u00e1s escuchadas y donde\npermaneci\u00f3 durante siete a\u00f1os trabajando a grandes locutores de la\nradiotelefon\u00eda chilena como Patricio Varela, Julio Videla, Gerardo Jorquera,\nentre otros.<\/p>\n\n\n\n<p>Sin embargo, luego de siete a\u00f1os en Santiago, el entonces gerente de\nradio Presidente Ib\u00e1\u00f1ez, Juan Crema, lo inst\u00f3 para regresar a la radio\nPresidente Ib\u00e1\u00f1ez donde asumi\u00f3 como Jefe de Programas, asumiendo en dicho cargo\nen marzo de 1982.<\/p>\n\n\n\n<p>Juan Miranda record\u00f3 alguna vez que \u201cen una aventura personal, en el a\u00f1o\n1991, instal\u00e9 Radio Divina y estuve con esa emisora hasta 1999. Yo era \u2018el\npropietario\u2019 pero a medias con el banco que me hab\u00eda otorgado un pr\u00e9stamo que\ntodos los meses deb\u00eda cancelar la cuota correspondiente. Cuando no pude pagar\nm\u00e1s, deb\u00ed dejar el proyecto y terminar con esa gran radiodifusora\u201d.<\/p>\n\n\n\n<p>Luego de esta experiencia Juan Miranda se integr\u00f3 a radio Magallanes y\nen el a\u00f1o 2001 se integr\u00f3 a la radio Polar donde permaneci\u00f3 hasta el cierre de\nla emisora en su tradicional estilo program\u00e1tico hace algunos a\u00f1os. Tambi\u00e9n\ncondujo el programa \u201cTierra F\u00e9rtil\u201d en el canal ITV Patagonia y en los \u00faltimos\na\u00f1os reedit\u00f3 su programa \u201cTiempos de la Vitrola\u201d y \u201cLa Cultura est\u00e1 en el aire\u201d\nen nuestra querida radio Presidente Ib\u00e1\u00f1ez.<\/p>\n\n\n\n<p>Pero Juan Miranda tambi\u00e9n destac\u00f3 por sus dotes art\u00edsticas desde su\njuventud en los tiempos liceanos&nbsp; y en\nSantiago particip\u00f3 en el grupo Voces del Trumao que grababan para el sello\nAlerce de Ricardo Garc\u00eda.<\/p>\n\n\n\n<p>Tambi\u00e9n cultiv\u00f3 sus dotes literarias. Fue autor y compositor ganando el\nFestival Folcl\u00f3rico en la Patagonia en 1999, luego de otras dos participaciones\nen a\u00f1os anteriores.<\/p>\n\n\n\n<p>Tambi\u00e9n escribi\u00f3 poes\u00eda y prosa. Fue en el a\u00f1o 2000 que edit\u00f3 su libro\n\u201cUn siglo de noticias\u201d donde repasa hechos informativos ocurridos entre los\na\u00f1os 1900 y 2000.<\/p>\n\n\n\n<p>En 2015 vio la luz su segundo libro \u201cFuego en la sombra\u201d que relata diez\ncuentos llenos de evocaciones y que llevan al lector a la nostalgia de\npersonajes que forjaron su desarrollo personal y familiar en las estancias de\nla Patagonia.<\/p>\n\n\n\n<p>Juan Miranda fue un incansable so\u00f1ador y siempre se entreg\u00f3 a la\ncreaci\u00f3n. Incluso ya hab\u00eda trabajado en su tercer libro, uno con sus poemas.<\/p>\n","protected":false},"excerpt":{"rendered":"<p>Nuestro querido amigo, Juan Manuel Miranda Vargas, naci\u00f3 un 2 de Junio de 1950 en Punta Arenas, hijo de Abraham Miranda Alderete y Carmen Rosa Vargas Vidal, ambos provenientes de&#8230; <a class=\"read-more\" href=\"https:\/\/www.radiopresidenteibanez.cl\/web\/juan-manuel-miranda-vargas-por-rolando-martinez\/\">Leer m\u00e1s<\/a><\/p>\n","protected":false},"author":2,"featured_media":12734,"comment_status":"closed","ping_status":"closed","sticky":false,"template":"","format":"standard","meta":{"footnotes":""},"categories":[1],"tags":[],"class_list":["post-12742","post","type-post","status-publish","format-standard","has-post-thumbnail","hentry","category-cronica"],"_links":{"self":[{"href":"https:\/\/www.radiopresidenteibanez.cl\/web\/wp-json\/wp\/v2\/posts\/12742","targetHints":{"allow":["GET"]}}],"collection":[{"href":"https:\/\/www.radiopresidenteibanez.cl\/web\/wp-json\/wp\/v2\/posts"}],"about":[{"href":"https:\/\/www.radiopresidenteibanez.cl\/web\/wp-json\/wp\/v2\/types\/post"}],"author":[{"embeddable":true,"href":"https:\/\/www.radiopresidenteibanez.cl\/web\/wp-json\/wp\/v2\/users\/2"}],"replies":[{"embeddable":true,"href":"https:\/\/www.radiopresidenteibanez.cl\/web\/wp-json\/wp\/v2\/comments?post=12742"}],"version-history":[{"count":0,"href":"https:\/\/www.radiopresidenteibanez.cl\/web\/wp-json\/wp\/v2\/posts\/12742\/revisions"}],"wp:featuredmedia":[{"embeddable":true,"href":"https:\/\/www.radiopresidenteibanez.cl\/web\/wp-json\/wp\/v2\/media\/12734"}],"wp:attachment":[{"href":"https:\/\/www.radiopresidenteibanez.cl\/web\/wp-json\/wp\/v2\/media?parent=12742"}],"wp:term":[{"taxonomy":"category","embeddable":true,"href":"https:\/\/www.radiopresidenteibanez.cl\/web\/wp-json\/wp\/v2\/categories?post=12742"},{"taxonomy":"post_tag","embeddable":true,"href":"https:\/\/www.radiopresidenteibanez.cl\/web\/wp-json\/wp\/v2\/tags?post=12742"}],"curies":[{"name":"wp","href":"https:\/\/api.w.org\/{rel}","templated":true}]}}