{"id":12737,"date":"2020-06-17T00:56:35","date_gmt":"2020-06-17T00:56:35","guid":{"rendered":"https:\/\/www.radiopresidenteibanez.cl\/web\/?p=12737"},"modified":"2020-06-17T00:56:39","modified_gmt":"2020-06-17T00:56:39","slug":"seremi-de-gobierno-destaco-profesionalismo-del-querido-locutor-juan-miranda-vargas-q-e-p-d","status":"publish","type":"post","link":"https:\/\/www.radiopresidenteibanez.cl\/web\/seremi-de-gobierno-destaco-profesionalismo-del-querido-locutor-juan-miranda-vargas-q-e-p-d\/","title":{"rendered":"SEREMI DE GOBIERNO DESTAC\u00d3 PROFESIONALISMO DEL QUERIDO LOCUTOR JUAN MIRANDA VARGAS (Q.E.P.D)"},"content":{"rendered":"\n<p>Esta tarde falleci\u00f3 el reconocido y querido locutor Juan Miranda Vargas, una gran p\u00e9rdida para el mundo de las comunicaciones en Magallanes.\u00a0<\/p>\n\n\n\n<p>La seremi de Gobierno, Alejandra Mu\u00f1oz, manifest\u00f3 que \u201cel fallecimiento de Juan Miranda es una gran p\u00e9rdida para los medios de comunicaci\u00f3n de la regi\u00f3n, su simpat\u00eda y profesionalismo hicieron que se ganara el cari\u00f1o de los magall\u00e1nicos, dejando un recuerdo imborrable para todos quienes tuvimos la oportunidad de compartir con \u00e9l\u201d.<\/p>\n\n\n\n<p>\u201cHoy expresamos desde la Secretar\u00eda Regional Ministerial de Gobierno, nuestras m\u00e1s sinceras condolencias para su familia y amigos m\u00e1s cercanos\u201d, sostuvo.<\/p>\n\n\n\n<p><\/p>\n","protected":false},"excerpt":{"rendered":"<p>Esta tarde falleci\u00f3 el reconocido y querido locutor Juan Miranda Vargas, una gran p\u00e9rdida para el mundo de las comunicaciones en Magallanes.\u00a0 La seremi de Gobierno, Alejandra Mu\u00f1oz, manifest\u00f3 que&#8230; <a class=\"read-more\" href=\"https:\/\/www.radiopresidenteibanez.cl\/web\/seremi-de-gobierno-destaco-profesionalismo-del-querido-locutor-juan-miranda-vargas-q-e-p-d\/\">Leer m\u00e1s<\/a><\/p>\n","protected":false},"author":2,"featured_media":12738,"comment_status":"closed","ping_status":"closed","sticky":false,"template":"","format":"standard","meta":{"footnotes":""},"categories":[1],"tags":[],"class_list":["post-12737","post","type-post","status-publish","format-standard","has-post-thumbnail","hentry","category-cronica"],"_links":{"self":[{"href":"https:\/\/www.radiopresidenteibanez.cl\/web\/wp-json\/wp\/v2\/posts\/12737","targetHints":{"allow":["GET"]}}],"collection":[{"href":"https:\/\/www.radiopresidenteibanez.cl\/web\/wp-json\/wp\/v2\/posts"}],"about":[{"href":"https:\/\/www.radiopresidenteibanez.cl\/web\/wp-json\/wp\/v2\/types\/post"}],"author":[{"embeddable":true,"href":"https:\/\/www.radiopresidenteibanez.cl\/web\/wp-json\/wp\/v2\/users\/2"}],"replies":[{"embeddable":true,"href":"https:\/\/www.radiopresidenteibanez.cl\/web\/wp-json\/wp\/v2\/comments?post=12737"}],"version-history":[{"count":0,"href":"https:\/\/www.radiopresidenteibanez.cl\/web\/wp-json\/wp\/v2\/posts\/12737\/revisions"}],"wp:featuredmedia":[{"embeddable":true,"href":"https:\/\/www.radiopresidenteibanez.cl\/web\/wp-json\/wp\/v2\/media\/12738"}],"wp:attachment":[{"href":"https:\/\/www.radiopresidenteibanez.cl\/web\/wp-json\/wp\/v2\/media?parent=12737"}],"wp:term":[{"taxonomy":"category","embeddable":true,"href":"https:\/\/www.radiopresidenteibanez.cl\/web\/wp-json\/wp\/v2\/categories?post=12737"},{"taxonomy":"post_tag","embeddable":true,"href":"https:\/\/www.radiopresidenteibanez.cl\/web\/wp-json\/wp\/v2\/tags?post=12737"}],"curies":[{"name":"wp","href":"https:\/\/api.w.org\/{rel}","templated":true}]}}