{"id":12733,"date":"2020-06-16T22:48:52","date_gmt":"2020-06-16T22:48:52","guid":{"rendered":"https:\/\/www.radiopresidenteibanez.cl\/web\/?p=12733"},"modified":"2020-06-16T22:48:56","modified_gmt":"2020-06-16T22:48:56","slug":"pesar-en-el-mundo-de-las-comunicaciones-fallecio-durante-la-tarde-juan-miranda-vargas","status":"publish","type":"post","link":"https:\/\/www.radiopresidenteibanez.cl\/web\/pesar-en-el-mundo-de-las-comunicaciones-fallecio-durante-la-tarde-juan-miranda-vargas\/","title":{"rendered":"PESAR EN EL MUNDO DE LAS COMUNICACIONES: FALLECI\u00d3 DURANTE LA TARDE JUAN MIRANDA VARGAS"},"content":{"rendered":"\n<p>Durante la tarde de este martes, se comunic\u00f3 el fallecimiento del destacado conductor y locutor de radio, Juan Miranda Vargas, quien  hace algunos d\u00edas hab\u00eda cumplido 70 a\u00f1os.<\/p>\n\n\n\n<p>Miranda Vargas, quien se encontraba arrastrando algunos problemas de salud, sin duda dej\u00f3 un gran legado en el \u00e1rea de las comunicaciones no solo a nivel regional sino de car\u00e1cter nacional.<\/p>\n\n\n\n<p>\u00abJuanito\u00bb fue locutor de Radio Miner\u00eda, Radio Divina, Radio Polar, y de vuestra emisora Radio Presidente Ib\u00e1\u00f1ez, en donde actualmente se encontraba haciendo el programa \u00abLa Cultura Esta en el Aire\u00bb, as\u00ed tambi\u00e9n, fue presentador del Festival en la Patagonia, entre mucho m\u00e1s.<\/p>\n\n\n\n<p>La gerencia de nuestra emisora integrada por sus amigos, Francisco P\u00e9rez San Juan y Susana Ramirez, junto a su familia y colaboradores, lamentan la p\u00e9rdida de un gran amigo y hacen llegar las condolencias a la familia y cercanos de Juan Miranda Vargas.<\/p>\n","protected":false},"excerpt":{"rendered":"<p>Durante la tarde de este martes, se comunic\u00f3 el fallecimiento del destacado conductor y locutor de radio, Juan Miranda Vargas, quien hace algunos d\u00edas hab\u00eda cumplido 70 a\u00f1os. Miranda Vargas,&#8230; <a class=\"read-more\" href=\"https:\/\/www.radiopresidenteibanez.cl\/web\/pesar-en-el-mundo-de-las-comunicaciones-fallecio-durante-la-tarde-juan-miranda-vargas\/\">Leer m\u00e1s<\/a><\/p>\n","protected":false},"author":2,"featured_media":12734,"comment_status":"closed","ping_status":"closed","sticky":false,"template":"","format":"standard","meta":{"footnotes":""},"categories":[1],"tags":[],"class_list":["post-12733","post","type-post","status-publish","format-standard","has-post-thumbnail","hentry","category-cronica"],"_links":{"self":[{"href":"https:\/\/www.radiopresidenteibanez.cl\/web\/wp-json\/wp\/v2\/posts\/12733","targetHints":{"allow":["GET"]}}],"collection":[{"href":"https:\/\/www.radiopresidenteibanez.cl\/web\/wp-json\/wp\/v2\/posts"}],"about":[{"href":"https:\/\/www.radiopresidenteibanez.cl\/web\/wp-json\/wp\/v2\/types\/post"}],"author":[{"embeddable":true,"href":"https:\/\/www.radiopresidenteibanez.cl\/web\/wp-json\/wp\/v2\/users\/2"}],"replies":[{"embeddable":true,"href":"https:\/\/www.radiopresidenteibanez.cl\/web\/wp-json\/wp\/v2\/comments?post=12733"}],"version-history":[{"count":0,"href":"https:\/\/www.radiopresidenteibanez.cl\/web\/wp-json\/wp\/v2\/posts\/12733\/revisions"}],"wp:featuredmedia":[{"embeddable":true,"href":"https:\/\/www.radiopresidenteibanez.cl\/web\/wp-json\/wp\/v2\/media\/12734"}],"wp:attachment":[{"href":"https:\/\/www.radiopresidenteibanez.cl\/web\/wp-json\/wp\/v2\/media?parent=12733"}],"wp:term":[{"taxonomy":"category","embeddable":true,"href":"https:\/\/www.radiopresidenteibanez.cl\/web\/wp-json\/wp\/v2\/categories?post=12733"},{"taxonomy":"post_tag","embeddable":true,"href":"https:\/\/www.radiopresidenteibanez.cl\/web\/wp-json\/wp\/v2\/tags?post=12733"}],"curies":[{"name":"wp","href":"https:\/\/api.w.org\/{rel}","templated":true}]}}