{"id":12690,"date":"2020-06-16T13:12:38","date_gmt":"2020-06-16T13:12:38","guid":{"rendered":"https:\/\/www.radiopresidenteibanez.cl\/web\/?p=12690"},"modified":"2020-06-16T13:12:42","modified_gmt":"2020-06-16T13:12:42","slug":"municipalidad-de-natales-inicia-el-proceso-de-inscripcion-para-aportes-de-arriendos-y-medicamentos","status":"publish","type":"post","link":"https:\/\/www.radiopresidenteibanez.cl\/web\/municipalidad-de-natales-inicia-el-proceso-de-inscripcion-para-aportes-de-arriendos-y-medicamentos\/","title":{"rendered":"MUNICIPALIDAD DE NATALES INICIA EL PROCESO DE INSCRIPCI\u00d3N PARA APORTES DE ARRIENDOS Y MEDICAMENTOS"},"content":{"rendered":"\n<p>A trav\u00e9s de\nuna videoconferencia y redes sociales, el jefe comunal, Fernando Paredes Mansilla;\nel gobernador de la provincia, Ra\u00fal Suazo; y el comandante del Destacamento\nAcorazado N\u00b05 Lanceros, Patricio Zamora, dieron a conocer los nuevos beneficios\npreparados por la Ilustre Municipalidad de Natales para las familias que est\u00e1n\natravesando problemas econ\u00f3micos producto de la pandemia. <\/p>\n\n\n\n<p>Los nuevos\nbeneficios cuentan con el apoyo del Gobierno Regional y el Consejo regional de\nMagallanes, quienes aprobaron los montos para financiar los aportes de arriendos,\nmedicamentos, alimento especial y pa\u00f1ales, los cuales podr\u00e1n ser postulados a\npartir de hoy hasta el 19 de junio mediante tres modalidades, telef\u00f3nica,\npresencial y electr\u00f3nica.<\/p>\n\n\n\n<p>La m\u00e1xima\nautoridad comunal, Fernando Paredes Mansilla, se\u00f1al\u00f3 que el municipio tiene\ncapacidad para aportar a m\u00e1s de 500 arriendos y m\u00e1s de 400 medicamentos o alimentos\nespeciales. \u201cReiterar a toda la comunidad que los canales para poder\ninscribirse est\u00e1n abiertos. Es una noticia bastante positiva porque sabemos que\nhay gente que est\u00e1 esperando este beneficio, y debemos empezar con el proceso\nde inscripci\u00f3n para evaluar estos casos y&nbsp;\nver en qu\u00e9 momento empezamos a entregar estos beneficios\u201d.<\/p>\n\n\n\n<p>En la misma\nl\u00ednea, Ra\u00fal Suazo, gobernador de la provincia de \u00daltima Esperanza, subray\u00f3 que\nel di\u00e1logo entre los departamentos sociales de la gobernaci\u00f3n y la\nmunicipalidad han funcionado de buena forma. \u201cAqu\u00ed hay un trabajo sumamente\nimportante que yo quisiera destacar y que ha dado resultado en el tiempo, y\nnuestra provincia ha funcionado bastante bien en ello. Nosotros sabemos que hoy\nd\u00eda hay un tema muy importante vinculado a los arriendos. Esto no resuelve el\ntema de los arriendos en su totalidad pero es un aporte y un desahogo para gente\nque est\u00e1 muy complicada con aquello\u201d.<\/p>\n\n\n\n<p>Los\ninteresados podr\u00e1n inscribirse llamando a uno de los siguientes n\u00fameros de\ntel\u00e9fono 612 209571 \u2013 612 209575 \u2013 612 209577 \u2013 612 209578, horario de atenci\u00f3n\nde 08:00 a 17:00 horas. Correo electr\u00f3nico ayudasocial@muninatales.cl o de\nmanera presencial en la oficina del Departamento Social de la Municipalidad de\n08:00 a 13:00 horas.<\/p>\n\n\n\n<p>Al momento de\ninscribirse los beneficiados deben presentar su c\u00e9dula de identidad, Registro\nSocial de Hogares, antecedentes del arrendatario, contrato notarial de arriendo\ny receta m\u00e9dica, seg\u00fan corresponda. <\/p>\n\n\n\n<p>Este aporte\nayudar\u00e1 a m\u00e1s de 2 mil personas y busca aliviar el bolsillo de las familias m\u00e1s\nvulnerables. Los aportes se suman a la entrega de canastas, Kits Covid-19,\n\u00datiles de aseo y entrega de pa\u00f1ales.<\/p>\n","protected":false},"excerpt":{"rendered":"<p>A trav\u00e9s de una videoconferencia y redes sociales, el jefe comunal, Fernando Paredes Mansilla; el gobernador de la provincia, Ra\u00fal Suazo; y el comandante del Destacamento Acorazado N\u00b05 Lanceros, Patricio&#8230; <a class=\"read-more\" href=\"https:\/\/www.radiopresidenteibanez.cl\/web\/municipalidad-de-natales-inicia-el-proceso-de-inscripcion-para-aportes-de-arriendos-y-medicamentos\/\">Leer m\u00e1s<\/a><\/p>\n","protected":false},"author":2,"featured_media":12691,"comment_status":"closed","ping_status":"closed","sticky":false,"template":"","format":"standard","meta":{"footnotes":""},"categories":[1],"tags":[],"class_list":["post-12690","post","type-post","status-publish","format-standard","has-post-thumbnail","hentry","category-cronica"],"_links":{"self":[{"href":"https:\/\/www.radiopresidenteibanez.cl\/web\/wp-json\/wp\/v2\/posts\/12690","targetHints":{"allow":["GET"]}}],"collection":[{"href":"https:\/\/www.radiopresidenteibanez.cl\/web\/wp-json\/wp\/v2\/posts"}],"about":[{"href":"https:\/\/www.radiopresidenteibanez.cl\/web\/wp-json\/wp\/v2\/types\/post"}],"author":[{"embeddable":true,"href":"https:\/\/www.radiopresidenteibanez.cl\/web\/wp-json\/wp\/v2\/users\/2"}],"replies":[{"embeddable":true,"href":"https:\/\/www.radiopresidenteibanez.cl\/web\/wp-json\/wp\/v2\/comments?post=12690"}],"version-history":[{"count":0,"href":"https:\/\/www.radiopresidenteibanez.cl\/web\/wp-json\/wp\/v2\/posts\/12690\/revisions"}],"wp:featuredmedia":[{"embeddable":true,"href":"https:\/\/www.radiopresidenteibanez.cl\/web\/wp-json\/wp\/v2\/media\/12691"}],"wp:attachment":[{"href":"https:\/\/www.radiopresidenteibanez.cl\/web\/wp-json\/wp\/v2\/media?parent=12690"}],"wp:term":[{"taxonomy":"category","embeddable":true,"href":"https:\/\/www.radiopresidenteibanez.cl\/web\/wp-json\/wp\/v2\/categories?post=12690"},{"taxonomy":"post_tag","embeddable":true,"href":"https:\/\/www.radiopresidenteibanez.cl\/web\/wp-json\/wp\/v2\/tags?post=12690"}],"curies":[{"name":"wp","href":"https:\/\/api.w.org\/{rel}","templated":true}]}}