{"id":12684,"date":"2020-06-15T13:35:35","date_gmt":"2020-06-15T13:35:35","guid":{"rendered":"https:\/\/www.radiopresidenteibanez.cl\/web\/?p=12684"},"modified":"2020-06-15T13:35:39","modified_gmt":"2020-06-15T13:35:39","slug":"alejandro-avendano-gallardo-un-duro-golpe-para-el-ciudadano-comun-con-la-ley-del-uso-vehicular-a-particulares-ya-que-aplica-solo-para-vehiculos-desde-el-2015","status":"publish","type":"post","link":"https:\/\/www.radiopresidenteibanez.cl\/web\/alejandro-avendano-gallardo-un-duro-golpe-para-el-ciudadano-comun-con-la-ley-del-uso-vehicular-a-particulares-ya-que-aplica-solo-para-vehiculos-desde-el-2015\/","title":{"rendered":"ALEJANDRO AVENDA\u00d1O GALLARDO \u201cUN DURO GOLPE PARA EL CIUDADANO COM\u00daN, CON LA LEY DEL USO VEHICULAR A PARTICULARES, YA QUE APLICA SOLO PARA VEH\u00cdCULOS DESDE EL 2015\u201d"},"content":{"rendered":"\n<p>Seg\u00fan\nAvenda\u00f1o, ya lo hab\u00edamos anticipado en marzo de este a\u00f1o, esto no es lo que\npide la ciudadan\u00eda, el gran grueso de quienes tienen veh\u00edculos hoy no son autos\ndel a\u00f1o 2015 hacia arriba por lo que no llegara para el com\u00fan de los usuarios\nde nuestra regi\u00f3n siendo que no existe raz\u00f3n t\u00e9cnica valedera el limitar esta\nliberaci\u00f3n a veh\u00edculos de cinco a\u00f1os de antig\u00fcedad solamente, por ejemplo\nArgentina y Per\u00fa y otros pa\u00edses solamente se exige la revisi\u00f3n t\u00e9cnica al d\u00eda\nsin limitar a\u00f1os de antig\u00fcedad del veh\u00edculo y no han tenido ninguna dificultad\nni t\u00e9cnica ni de seguridad.<\/p>\n\n\n\n<p>Queremos\nrecordar que en nuestra regi\u00f3n el parque vehicular es de 72.942 autom\u00f3viles,\n\u00f3sea un autom\u00f3vil cada 2,3 personas promedia nuestra regi\u00f3n en Magallanes,\nrespecto de una poblaci\u00f3n de 166.533 habitantes.<\/p>\n\n\n\n<p>Quienes\nalaban esta ley se\u00f1alan que beneficiaria a 10.000 veh\u00edculos en la regi\u00f3n y el\nresto no podr\u00e1 hacerlo por la traba impuesta en el a\u00f1o de antig\u00fcedad, es por\nello que es injusto dejar fuera a particulares que tiene veh\u00edculos m\u00e1s antiguos\ny una gran parte la usa para trabajar, movilizar los ni\u00f1os al colegio, etc., y\nhoy no podr\u00e1n acceder a este importante ahorro y alivio a su situaci\u00f3n\necon\u00f3mica hoy tan golpeada. <\/p>\n\n\n\n<p>En\nel mundo circulan sobre 40 millones de veh\u00edculos a gas siendo un combustible\nalternativo a la gasolina, que resulta muy conveniente, altamente seguro,\nlimpio y &nbsp;mucho m\u00e1s econ\u00f3mico para el\nbolsillo de los vecinos y vecinas de Magallanes, con esta ley nuevamente se\ncastiga a los que m\u00e1s necesitaban de este alivio y los deja fuera, quienes\nconfeccionaron esta ley y los parlamentarios en su paso por el congreso debieron\nhaber corregido &nbsp;esta ley para que\nbeneficie a los ciudadanos que m\u00e1s lo necesitan, y no un alivio para los que\nm\u00e1s ganan y castigo para los m\u00e1s necesitados, m\u00e1s aun que hoy no quieren\neliminar el impuesto espec\u00edfico a los combustibles, es por ello se hace\nnecesario acceder en m\u00e1s a\u00f1os de antig\u00fcedad el liberar el uso del gas en los\nautom\u00f3viles particulares, enfatiz\u00f3 Avenda\u00f1o.<\/p>\n","protected":false},"excerpt":{"rendered":"<p>Seg\u00fan Avenda\u00f1o, ya lo hab\u00edamos anticipado en marzo de este a\u00f1o, esto no es lo que pide la ciudadan\u00eda, el gran grueso de quienes tienen veh\u00edculos hoy no son autos&#8230; <a class=\"read-more\" href=\"https:\/\/www.radiopresidenteibanez.cl\/web\/alejandro-avendano-gallardo-un-duro-golpe-para-el-ciudadano-comun-con-la-ley-del-uso-vehicular-a-particulares-ya-que-aplica-solo-para-vehiculos-desde-el-2015\/\">Leer m\u00e1s<\/a><\/p>\n","protected":false},"author":2,"featured_media":6713,"comment_status":"closed","ping_status":"closed","sticky":false,"template":"","format":"standard","meta":{"footnotes":""},"categories":[1],"tags":[],"class_list":["post-12684","post","type-post","status-publish","format-standard","has-post-thumbnail","hentry","category-cronica"],"_links":{"self":[{"href":"https:\/\/www.radiopresidenteibanez.cl\/web\/wp-json\/wp\/v2\/posts\/12684","targetHints":{"allow":["GET"]}}],"collection":[{"href":"https:\/\/www.radiopresidenteibanez.cl\/web\/wp-json\/wp\/v2\/posts"}],"about":[{"href":"https:\/\/www.radiopresidenteibanez.cl\/web\/wp-json\/wp\/v2\/types\/post"}],"author":[{"embeddable":true,"href":"https:\/\/www.radiopresidenteibanez.cl\/web\/wp-json\/wp\/v2\/users\/2"}],"replies":[{"embeddable":true,"href":"https:\/\/www.radiopresidenteibanez.cl\/web\/wp-json\/wp\/v2\/comments?post=12684"}],"version-history":[{"count":0,"href":"https:\/\/www.radiopresidenteibanez.cl\/web\/wp-json\/wp\/v2\/posts\/12684\/revisions"}],"wp:featuredmedia":[{"embeddable":true,"href":"https:\/\/www.radiopresidenteibanez.cl\/web\/wp-json\/wp\/v2\/media\/6713"}],"wp:attachment":[{"href":"https:\/\/www.radiopresidenteibanez.cl\/web\/wp-json\/wp\/v2\/media?parent=12684"}],"wp:term":[{"taxonomy":"category","embeddable":true,"href":"https:\/\/www.radiopresidenteibanez.cl\/web\/wp-json\/wp\/v2\/categories?post=12684"},{"taxonomy":"post_tag","embeddable":true,"href":"https:\/\/www.radiopresidenteibanez.cl\/web\/wp-json\/wp\/v2\/tags?post=12684"}],"curies":[{"name":"wp","href":"https:\/\/api.w.org\/{rel}","templated":true}]}}