{"id":12677,"date":"2020-06-15T01:49:13","date_gmt":"2020-06-15T01:49:13","guid":{"rendered":"https:\/\/www.radiopresidenteibanez.cl\/web\/?p=12677"},"modified":"2020-06-15T01:49:17","modified_gmt":"2020-06-15T01:49:17","slug":"dependencias-del-club-de-pacientes-psiquiatricos-de-punta-arenas-presenta-problemas-de-calefaccion","status":"publish","type":"post","link":"https:\/\/www.radiopresidenteibanez.cl\/web\/dependencias-del-club-de-pacientes-psiquiatricos-de-punta-arenas-presenta-problemas-de-calefaccion\/","title":{"rendered":"DEPENDENCIAS DEL CLUB DE PACIENTES PSIQUI\u00c1TRICOS DE PUNTA ARENAS PRESENTA PROBLEMAS DE CALEFACCI\u00d3N"},"content":{"rendered":"\n<p>En horas de ayer domingo, se dio a conocer que parte de las dependencias del Club de Pacientes Psiqui\u00e1tricos Miraflores de Punta Arenas, se encuentra teniendo problemas de calefacci\u00f3n, pero pese a esta gran problem\u00e1tica que se agudiza en pleno invierno se sigue atendiendo personas.<\/p>\n\n\n\n<p>En la\nocasi\u00f3n tambi\u00e9n se mencion\u00f3 que uno de los sectores del centro cl\u00ednico en donde\nen la actualidad se encuentran hospedados pacientes que fueron trasladados desde\nel Hospital Cl\u00ednico de Magallanes mientras dure la pandemia del Covid-19,\ntambi\u00e9n estaba vi\u00e9ndose afectado por dicha problem\u00e1tica.<\/p>\n\n\n\n<p>Lo anterior, fue descartado por el doctor Juan Vukusic, quien expres\u00f3 que \u201csabemos que tenemos problemas de calefacci\u00f3n, pero el resto funciona con normalidad\u2026 estamos trabajando en un proyecto para buscar una r\u00e1pida reparaci\u00f3n, sobre todo ahora que afrontamos el invierno\u201d.<\/p>\n\n\n\n<p><\/p>\n\n\n\n<p>CHH.<\/p>\n","protected":false},"excerpt":{"rendered":"<p>En horas de ayer domingo, se dio a conocer que parte de las dependencias del Club de Pacientes Psiqui\u00e1tricos Miraflores de Punta Arenas, se encuentra teniendo problemas de calefacci\u00f3n, pero&#8230; <a class=\"read-more\" href=\"https:\/\/www.radiopresidenteibanez.cl\/web\/dependencias-del-club-de-pacientes-psiquiatricos-de-punta-arenas-presenta-problemas-de-calefaccion\/\">Leer m\u00e1s<\/a><\/p>\n","protected":false},"author":2,"featured_media":740,"comment_status":"closed","ping_status":"closed","sticky":false,"template":"","format":"standard","meta":{"footnotes":""},"categories":[1],"tags":[],"class_list":["post-12677","post","type-post","status-publish","format-standard","has-post-thumbnail","hentry","category-cronica"],"_links":{"self":[{"href":"https:\/\/www.radiopresidenteibanez.cl\/web\/wp-json\/wp\/v2\/posts\/12677","targetHints":{"allow":["GET"]}}],"collection":[{"href":"https:\/\/www.radiopresidenteibanez.cl\/web\/wp-json\/wp\/v2\/posts"}],"about":[{"href":"https:\/\/www.radiopresidenteibanez.cl\/web\/wp-json\/wp\/v2\/types\/post"}],"author":[{"embeddable":true,"href":"https:\/\/www.radiopresidenteibanez.cl\/web\/wp-json\/wp\/v2\/users\/2"}],"replies":[{"embeddable":true,"href":"https:\/\/www.radiopresidenteibanez.cl\/web\/wp-json\/wp\/v2\/comments?post=12677"}],"version-history":[{"count":0,"href":"https:\/\/www.radiopresidenteibanez.cl\/web\/wp-json\/wp\/v2\/posts\/12677\/revisions"}],"wp:featuredmedia":[{"embeddable":true,"href":"https:\/\/www.radiopresidenteibanez.cl\/web\/wp-json\/wp\/v2\/media\/740"}],"wp:attachment":[{"href":"https:\/\/www.radiopresidenteibanez.cl\/web\/wp-json\/wp\/v2\/media?parent=12677"}],"wp:term":[{"taxonomy":"category","embeddable":true,"href":"https:\/\/www.radiopresidenteibanez.cl\/web\/wp-json\/wp\/v2\/categories?post=12677"},{"taxonomy":"post_tag","embeddable":true,"href":"https:\/\/www.radiopresidenteibanez.cl\/web\/wp-json\/wp\/v2\/tags?post=12677"}],"curies":[{"name":"wp","href":"https:\/\/api.w.org\/{rel}","templated":true}]}}