{"id":12675,"date":"2020-06-15T01:32:40","date_gmt":"2020-06-15T01:32:40","guid":{"rendered":"https:\/\/www.radiopresidenteibanez.cl\/web\/?p=12675"},"modified":"2020-06-15T01:32:44","modified_gmt":"2020-06-15T01:32:44","slug":"seremi-de-desarrollo-social-destaca-aprobacion-del-plan-de-emergencia","status":"publish","type":"post","link":"https:\/\/www.radiopresidenteibanez.cl\/web\/seremi-de-desarrollo-social-destaca-aprobacion-del-plan-de-emergencia\/","title":{"rendered":"SEREMI DE DESARROLLO SOCIAL DESTACA APROBACI\u00d3N DEL PLAN DE EMERGENCIA"},"content":{"rendered":"\n<p>Despu\u00e9s de diversos di\u00e1logos entre el Ministerio de Hacienda y la Comisi\u00f3n de Hacienda ampliada (senadores y diputados) esta madrugada se lleg\u00f3 a un acuerdo para elaborar el llamado \u201cPlan de Emergencia por la protecci\u00f3n de los ingresos de las familias y la reactivaci\u00f3n econ\u00f3mica y del empleo, al alero de un marco de convergencia fiscal de mediano plazo\u201d.<\/p>\n\n\n\n<p>Este proyecto cuenta con tres ejes fundamentales: un programa fiscal adicional para hacer frente a los efectos sociales y econ\u00f3micos del Covid-19, de US$ 12.000 millones en los pr\u00f3ximos 24 meses; protecci\u00f3n de los ingresos de las familias, mediante la ampliaci\u00f3n de la cobertura del beneficio de Ingreso Familiar de Emergencia (IFE), y recursos adicionales de US$ 120 millones para los municipios, entre otras iniciativas. Finalmente, un eje enfocado en impulsar la reactivaci\u00f3n econ\u00f3mica, a trav\u00e9s de planes de apoyo a los empleos y a la inversi\u00f3n, donde destaca la mejora al financiamiento de Pymes.<\/p>\n\n\n\n<p>Desde Magallanes, la Seremi de Desarrollo Social y Familia, Liz Casanueva, se\u00f1al\u00f3 que el dise\u00f1o de este plan estuvo a cargo de los Ministerios de Hacienda, junto a su Direcci\u00f3n de Presupuestos, Secretar\u00eda General de la Presidencia, y Desarrollo Social.<\/p>\n\n\n\n<p>\u201cComo representante del Gobierno, nos alegra la aprobaci\u00f3n de este plan que representa la urgencia de una ayuda directa hacia los sectores m\u00e1s golpeados de nuestra ciudadan\u00eda. Dentro las medidas, es importante destacar la ampliaci\u00f3n de la cobertura del beneficio IFE, que ser\u00e1 compatible con los beneficios de ley de protecci\u00f3n del empleo, seguro de cesant\u00eda, apoyo a los honorarios, las pensiones contributivas y no contributiva. En cuanto al aporte, ser\u00e1 de $100.000 por persona, hasta una familia de 4 integrantes\u201d, enfatiz\u00f3 la autoridad local.<br><\/p>\n","protected":false},"excerpt":{"rendered":"<p>Despu\u00e9s de diversos di\u00e1logos entre el Ministerio de Hacienda y la Comisi\u00f3n de Hacienda ampliada (senadores y diputados) esta madrugada se lleg\u00f3 a un acuerdo para elaborar el llamado \u201cPlan&#8230; <a class=\"read-more\" href=\"https:\/\/www.radiopresidenteibanez.cl\/web\/seremi-de-desarrollo-social-destaca-aprobacion-del-plan-de-emergencia\/\">Leer m\u00e1s<\/a><\/p>\n","protected":false},"author":2,"featured_media":12611,"comment_status":"closed","ping_status":"closed","sticky":false,"template":"","format":"standard","meta":{"footnotes":""},"categories":[1],"tags":[],"class_list":["post-12675","post","type-post","status-publish","format-standard","has-post-thumbnail","hentry","category-cronica"],"_links":{"self":[{"href":"https:\/\/www.radiopresidenteibanez.cl\/web\/wp-json\/wp\/v2\/posts\/12675","targetHints":{"allow":["GET"]}}],"collection":[{"href":"https:\/\/www.radiopresidenteibanez.cl\/web\/wp-json\/wp\/v2\/posts"}],"about":[{"href":"https:\/\/www.radiopresidenteibanez.cl\/web\/wp-json\/wp\/v2\/types\/post"}],"author":[{"embeddable":true,"href":"https:\/\/www.radiopresidenteibanez.cl\/web\/wp-json\/wp\/v2\/users\/2"}],"replies":[{"embeddable":true,"href":"https:\/\/www.radiopresidenteibanez.cl\/web\/wp-json\/wp\/v2\/comments?post=12675"}],"version-history":[{"count":0,"href":"https:\/\/www.radiopresidenteibanez.cl\/web\/wp-json\/wp\/v2\/posts\/12675\/revisions"}],"wp:featuredmedia":[{"embeddable":true,"href":"https:\/\/www.radiopresidenteibanez.cl\/web\/wp-json\/wp\/v2\/media\/12611"}],"wp:attachment":[{"href":"https:\/\/www.radiopresidenteibanez.cl\/web\/wp-json\/wp\/v2\/media?parent=12675"}],"wp:term":[{"taxonomy":"category","embeddable":true,"href":"https:\/\/www.radiopresidenteibanez.cl\/web\/wp-json\/wp\/v2\/categories?post=12675"},{"taxonomy":"post_tag","embeddable":true,"href":"https:\/\/www.radiopresidenteibanez.cl\/web\/wp-json\/wp\/v2\/tags?post=12675"}],"curies":[{"name":"wp","href":"https:\/\/api.w.org\/{rel}","templated":true}]}}