{"id":12636,"date":"2020-06-14T15:42:49","date_gmt":"2020-06-14T15:42:49","guid":{"rendered":"https:\/\/www.radiopresidenteibanez.cl\/web\/?p=12636"},"modified":"2020-06-14T15:42:53","modified_gmt":"2020-06-14T15:42:53","slug":"core-aprobo-propuesta-de-financiamiento-para-iniciativas-que-postulan-al-fondo-de-medios-de-comunicacion","status":"publish","type":"post","link":"https:\/\/www.radiopresidenteibanez.cl\/web\/core-aprobo-propuesta-de-financiamiento-para-iniciativas-que-postulan-al-fondo-de-medios-de-comunicacion\/","title":{"rendered":"CORE APROB\u00d3 PROPUESTA DE FINANCIAMIENTO PARA INICIATIVAS QUE POSTULAN AL FONDO DE MEDIOS DE COMUNICACI\u00d3N"},"content":{"rendered":"\n<p>En sesi\u00f3n plenaria este\njueves, por mayor\u00eda de votos los consejeros regionales aprobaron la propuesta\nde financiamiento para iniciativas que resultaron favorecidas con el Fondo de\nMedios de Comunicaci\u00f3n Social regionales, provinciales y comunales concurso a\u00f1o 2020, presentada\npor la Secretar\u00eda Regional Ministerial de Gobierno de Magallanes.<\/p>\n\n\n\n<p>La\nmoci\u00f3n sancionada detalla que esta votaci\u00f3n se basa en \u201cla informaci\u00f3n proporcionada\npor la seremi de Gobierno en relaci\u00f3n al cumplimiento estricto de las bases del\nFondo que se describe. Los proyectos de radiodifusi\u00f3n priorizados alcanzan la\nsuma de 55 millones 767 mil pesos representando un 60% del total asignado, los\nproyectos con otro tipo de soporte priorizados hasta alcanzar la suma de 37\nmillones 178 mil pesos&nbsp; representando un\n40% del total. El monto total corresponde a &nbsp;92 millones 945 mil pesosdejando un\nremanente de&nbsp; cero pesos.\u201d<\/p>\n\n\n\n<p>Seg\u00fan coment\u00f3 el presidente de la comisi\u00f3n Social,\nJuan Vukusich, \u201ccomparto la idea por muchos planteada respecto a la necesidad de\nefectuar cambios al proceso de este fondo ya que es poco regional. No obstante es necesario aprobar el\nproyecto ya que conocimos las bases y estuvimos de acuerdo con eso. &nbsp;Tuvimos un representante en la comisi\u00f3n\nevaluadora que fue capaz de transmitirnos algunas dificultades que permitieron\nque se hicieran las modificaciones que se requer\u00edan por tanto creo que podemos\naprobar pero a futuro buscar la manera de no vernos involucrados en esta situaci\u00f3n\ntan compleja\u201d, afirm\u00f3. <\/p>\n\n\n\n<p>Asimismo\nel consejero, Antonio Bradasic, quien fue el representan del CORE ante la comisi\u00f3n\nevaluadora, manifest\u00f3 \u201cla verdad es que hoy se aprob\u00f3 todo de manera legal y de\nacuerdo a las bases establecidas, con un 60% para la radiodifusi\u00f3n y el 40%\npara medios digitales y televisivos. Cost\u00f3 pero al final se ajust\u00f3 al\nreglamento y se respetaron los puntajes. Contento porque en este momento los\nmedios de comunicaci\u00f3n local necesitan esta ayuda\u201d.<\/p>\n\n\n\n<p>En\nese sentido el presidente del CORE, Alejandro Kusanovic, valor\u00f3 la labor\nrealizada por el consejero Bradasic, \u201cquiero darle todo mi apoyo y felicitarle\nporque nos represent\u00f3 muy bien en la comisi\u00f3n evaluadora y gracias a \u00e9l y su\ntenacidad se logr\u00f3 hacer cumplir las bases tal como est\u00e1n escritas. S\u00e9 que\nestos procesos son complicados pero los consejeros debemos estar donde se toman\ndecisiones ya que si no hubi\u00e9semos tenido un representante en este tema\nquiz\u00e1&nbsp; serian otros los resultados\u201d,\npuntualiz\u00f3.<\/p>\n\n\n\n<p>Por\nsu parte el consejero, Andr\u00e9s L\u00f3pez, coment\u00f3 \u201cemit\u00ed un voto minoritario de\nrechazo ya que hace unos d\u00edas solicit\u00e9 poder contar al menos con los nombres de\nlos representantes legales de cada medio, informaci\u00f3n que no me lleg\u00f3. Por otro\nlado es molesto saber que algunos de los favorecidos hoy no se encuentran al\naire o funcionando, entonces si un medio no funciona por ocho meses y se\nadjudica el fondo constituye una falta de respeto para aquellos que est\u00e1n en\nlista de espera y funcionan d\u00eda a d\u00eda con esfuerzo. Debemos mejorar este\nproceso a fin de que exista equidad y seamos m\u00e1s justos al momento de decidir\u201d,\nconcluy\u00f3.&nbsp; <\/p>\n\n\n\n<p>Finalmente\nel consejero, Ram\u00f3n Lobos, se\u00f1al\u00f3 \u201cla importancia de una comunicaci\u00f3n efectiva,\neducativa y formativa ha quedado en evidencia en esta pandemia. Es necesario\nque los medios no solo entreguen informaci\u00f3n sino que otorguen elementos de\njuicio para la poblaci\u00f3n y por eso se hace necesario para el Gobierno Regional\ntener una l\u00ednea program\u00e1tica en t\u00e9rminos de comunicaci\u00f3n. Lo que se aprob\u00f3 ayer\nva en t\u00e9rminos de los que el ministerio quiere que se haga a nivel nacional y\nes por tanto un motivo de descentralizaci\u00f3n establecer una pol\u00edtica\ncomunicacional regional\u201d.<\/p>\n\n\n\n<p>El\ndetalle se consigna en las siguientes tablas:<\/p>\n\n\n\n<p>1.\nPriorizaci\u00f3n de proyectos de radiodifusi\u00f3n:<\/p>\n\n\n\n<figure class=\"wp-block-table\"><table class=\"\"><tbody><tr><td>\n  <strong>RUT<\/strong>\n  <\/td><td>\n  <strong>NOMBRE DEL MEDIO<\/strong>\n  <\/td><td>\n  <strong>COMUNA<\/strong>\n  <\/td><td>\n  <strong>MONTO APROBADO ($)<\/strong>\n  <\/td><\/tr><tr><td>\n  76399693-K\n  <\/td><td>\n  RADIO NAVARINO\n  <\/td><td>\n  PUERTO WILLIAMS\n  <\/td><td>\n  3.780.000\n  <\/td><\/tr><tr><td>\n  76089425-7\n  <\/td><td>\n  FM ANGOSTURA 104.5 Mhz\n  <\/td><td>\n  SAN GREGORIO Y PRIMAVERA\n  <\/td><td>\n  3.791.462\n  <\/td><\/tr><tr><td>\n  76023268-8\n  <\/td><td>\n  RADIO NUEVO MUNDO PATAGONIA\n  <\/td><td>\n  PUNTA ARENAS\n  <\/td><td>\n  3.800.000\n  <\/td><\/tr><tr><td>\n  76385033-1\n  <\/td><td>\n  VOZ AUSTRAL\n  <\/td><td>\n  PUNTA ARENAS\n  <\/td><td>\n  3.800.000\n  <\/td><\/tr><tr><td>\n  76658906-5\n  <\/td><td>\n  RADIO MILODON 101.9 FM NATALES\n  <\/td><td>\n  PUERTO NATALES\n  <\/td><td>\n  3.800.000\n  <\/td><\/tr><tr><td>\n  77554770-7\n  <\/td><td>\n  RADIO 103.3 FM\n  <\/td><td>\n  PUERTO NATALES\n  <\/td><td>\n  3.800.000\n  <\/td><\/tr><tr><td>\n  65025033-8\n  <\/td><td>\n  RADIO MANANTIAL 107.3 FM\n  <\/td><td>\n  PUNTA ARENAS\n  <\/td><td>\n  4.000.000\n  <\/td><\/tr><tr><td>\n  76313961-1\n  <\/td><td>\n  MY RADIO 97.7 FM\n  <\/td><td>\n  PUNTA ARENAS\n  <\/td><td>\n  3.795.000\n  &nbsp;\n  <\/td><\/tr><tr><td>\n  71165800-9\n  <\/td><td>\n  VIENTO SUR COMUNICACIONES\n  <\/td><td>\n  PUERTO NATALES\n  <\/td><td>\n  3.800.000\n  <\/td><\/tr><tr><td>\n  76567194-9\n  <\/td><td>\n  CANDY RADIO PUNTA ARENAS 99.9 FM\n  <\/td><td>\n  PUNTA ARENAS\n  <\/td><td>\n  3.800.000\n  <\/td><\/tr><tr><td>\n  77853610-2\n  <\/td><td>\n  RADIO CARNAVAL PATAGONIA\n  <\/td><td>\n  PUNTA ARENAS\n  <\/td><td>\n  3.764.546\n  <\/td><\/tr><tr><td>\n  78511190-7\n  <\/td><td>\n  RADIO NATALES\n  <\/td><td>\n  PUERTO NATALES\n  <\/td><td>\n  3.800.000\n  <\/td><\/tr><tr><td>\n  79604520-5\n  <\/td><td>\n  RADIO MELODIA A.M.\n  <\/td><td>\n  PUNTA ARENAS\n  <\/td><td>\n  3.800.000\n  <\/td><\/tr><tr><td>\n  76110315-6\n  <\/td><td>\n  RADIO NUEVA PRIMAVERA\n  <\/td><td>\n  PRIMAVERA\n  <\/td><td>\n  3.800.000\n  <\/td><\/tr><tr><td>\n  76810519-7\n  <\/td><td>\n  RADIO POLAR\n  <\/td><td>\n  PUNTA ARENAS\n  <\/td><td>\n  2.435.993\n  <\/td><\/tr><tr><td>\n  &nbsp;\n  <\/td><td>\n  &nbsp;\n  <\/td><td>\n  &nbsp;\n  <\/td><td>\n  <strong>55.767.001<\/strong>\n  <\/td><\/tr><\/tbody><\/table><\/figure>\n\n\n\n<p>2.\nPriorizaci\u00f3n de proyectos de otro tipo de soporte:<\/p>\n\n\n\n<figure class=\"wp-block-table\"><table class=\"\"><tbody><tr><td>\n  <strong>RUT<\/strong>\n  <\/td><td>\n  <strong>NOMBRE DEL MEDIO<\/strong>\n  <\/td><td>\n  <strong>SOPORTE<\/strong>\n  <\/td><td>\n  <strong>COMUNA<\/strong>\n  <\/td><td>\n  <strong>MONTO APROBADO ($)<\/strong>\n  <\/td><\/tr><tr><td>\n  76658906-5\n  <\/td><td>\n  MILODON TV, CANAL 46 TVRED PUERTO NATALES\n  <\/td><td>\n  TELEVISI\u00d3N ABIERTA O CABLE\n  <\/td><td>\n  PUERTO NATALES\n  <\/td><td>\n  3.498.610\n  <\/td><\/tr><tr><td>\n  76000759-5\n  <\/td><td>\n  PING\u00dcINO MULTIMEDIA \n  <\/td><td>\n  TELEVISI\u00d3N ABIERTA O CABLE\n  <\/td><td>\n  PUNTA ARENAS\n  <\/td><td>\n  3.500.000\n  <\/td><\/tr><tr><td>\n  76131968-K\n  <\/td><td>\n  RADIO PRESIDENTE IB\u00c1\u00d1EZ\n  <\/td><td>\n  TELEVISI\u00d3N ABIERTA O CABLE\n  <\/td><td>\n  PUNTA ARENAS\n  <\/td><td>\n  3.500.000\n  <\/td><\/tr><tr><td>\n  76089425-7\n  <\/td><td>\n  WWW.DIALOGOSUR.CL\n  <\/td><td>\n  DIGITAL (PAG. WEB)\n  <\/td><td>\n  PUNTA ARENAS\n  <\/td><td>\n  2.465.922\n  <\/td><\/tr><tr><td>\n  76000759-5\n  <\/td><td>\n  PING\u00dcINO MULTIMEDIA \n  <\/td><td>\n  PRENSA ESCRITA\n  <\/td><td>\n  PUNTA ARENAS\n  <\/td><td>\n  3.500.000\n  <\/td><\/tr><tr><td>\n  77853610-2\n  <\/td><td>\n  ITV PATAGONIA\n  <\/td><td>\n  TELEVISI\u00d3N ABIERTA O CABLE\n  <\/td><td>\n  PUNTA ARENAS\n  <\/td><td>\n  3.497.010\n  <\/td><\/tr><tr><td>\n  71165800-9\n  <\/td><td>\n  VIENTO SUR COMUNICACIONES\n  <\/td><td>\n  TELEVISI\u00d3N ABIERTA O CABLE\n  <\/td><td>\n  PUERTO NATALES\n  <\/td><td>\n  3.500.000\n  <\/td><\/tr><tr><td>\n  76429048-8\n  <\/td><td>\n  REVISTA SALUD Y BUENAVIDA\n  <\/td><td>\n  PRENSA ESCRITA\n  <\/td><td>\n  PUNTA ARENAS\n  <\/td><td>\n  3.417.363\n  <\/td><\/tr><tr><td>\n  71133700-8\n  <\/td><td>\n  UMAG TV\n  <\/td><td>\n  TELEVISI\u00d3N ABIERTA O CABLE\n  <\/td><td>\n  PUNTA ARENAS\n  <\/td><td>\n  3.491.643\n  <\/td><\/tr><tr><td>\n  76091475-4\n  <\/td><td>\n  VOZ AUSTRAL\n  <\/td><td>\n  TELEVISI\u00d3N ABIERTA O CABLE\n  <\/td><td>\n  PUNTA ARENAS\n  <\/td><td>\n  3.500.000\n  <\/td><\/tr><tr><td>\n  76385033-1\n  <\/td><td>\n  SOBERAN\u00cdA\n  <\/td><td>\n  TELEVISI\u00d3N ABIERTA O CABLE\n  <\/td><td>\n  PUNTA ARENAS\n  <\/td><td>\n  3.307.453\n  <\/td><\/tr><tr><td>\n  &nbsp;\n  <\/td><td>\n  &nbsp;\n  <\/td><td>\n  &nbsp;\n  <\/td><td>\n  &nbsp;\n  <\/td><td>\n  37.178.001\n  <\/td><\/tr><\/tbody><\/table><\/figure>\n","protected":false},"excerpt":{"rendered":"<p>En sesi\u00f3n plenaria este jueves, por mayor\u00eda de votos los consejeros regionales aprobaron la propuesta de financiamiento para iniciativas que resultaron favorecidas con el Fondo de Medios de Comunicaci\u00f3n Social&#8230; <a class=\"read-more\" href=\"https:\/\/www.radiopresidenteibanez.cl\/web\/core-aprobo-propuesta-de-financiamiento-para-iniciativas-que-postulan-al-fondo-de-medios-de-comunicacion\/\">Leer m\u00e1s<\/a><\/p>\n","protected":false},"author":2,"featured_media":12629,"comment_status":"closed","ping_status":"closed","sticky":false,"template":"","format":"standard","meta":{"footnotes":""},"categories":[1],"tags":[],"class_list":["post-12636","post","type-post","status-publish","format-standard","has-post-thumbnail","hentry","category-cronica"],"_links":{"self":[{"href":"https:\/\/www.radiopresidenteibanez.cl\/web\/wp-json\/wp\/v2\/posts\/12636","targetHints":{"allow":["GET"]}}],"collection":[{"href":"https:\/\/www.radiopresidenteibanez.cl\/web\/wp-json\/wp\/v2\/posts"}],"about":[{"href":"https:\/\/www.radiopresidenteibanez.cl\/web\/wp-json\/wp\/v2\/types\/post"}],"author":[{"embeddable":true,"href":"https:\/\/www.radiopresidenteibanez.cl\/web\/wp-json\/wp\/v2\/users\/2"}],"replies":[{"embeddable":true,"href":"https:\/\/www.radiopresidenteibanez.cl\/web\/wp-json\/wp\/v2\/comments?post=12636"}],"version-history":[{"count":0,"href":"https:\/\/www.radiopresidenteibanez.cl\/web\/wp-json\/wp\/v2\/posts\/12636\/revisions"}],"wp:featuredmedia":[{"embeddable":true,"href":"https:\/\/www.radiopresidenteibanez.cl\/web\/wp-json\/wp\/v2\/media\/12629"}],"wp:attachment":[{"href":"https:\/\/www.radiopresidenteibanez.cl\/web\/wp-json\/wp\/v2\/media?parent=12636"}],"wp:term":[{"taxonomy":"category","embeddable":true,"href":"https:\/\/www.radiopresidenteibanez.cl\/web\/wp-json\/wp\/v2\/categories?post=12636"},{"taxonomy":"post_tag","embeddable":true,"href":"https:\/\/www.radiopresidenteibanez.cl\/web\/wp-json\/wp\/v2\/tags?post=12636"}],"curies":[{"name":"wp","href":"https:\/\/api.w.org\/{rel}","templated":true}]}}