{"id":12633,"date":"2020-06-14T15:40:35","date_gmt":"2020-06-14T15:40:35","guid":{"rendered":"https:\/\/www.radiopresidenteibanez.cl\/web\/?p=12633"},"modified":"2020-06-14T15:40:39","modified_gmt":"2020-06-14T15:40:39","slug":"cerca-de-2500-ayudas-sociales-entrego-municipio-natalino-esta-semana","status":"publish","type":"post","link":"https:\/\/www.radiopresidenteibanez.cl\/web\/cerca-de-2500-ayudas-sociales-entrego-municipio-natalino-esta-semana\/","title":{"rendered":"CERCA DE 2500 AYUDAS SOCIALES ENTREG\u00d3 MUNICIPIO NATALINO ESTA SEMANA"},"content":{"rendered":"\n<p>En el marco de\nla campa\u00f1a social que est\u00e1 desarrollando la Ilustre Municipalidad de Natales\npor la pandemia mundial, el acalde de la comuna, realiz\u00f3 este viernes un\nbalance de la primera semana de entrega de kits covid-19, \u00fatiles de aseo y pa\u00f1ales\na las familias natalinas en el Polideportivo Municipal.<\/p>\n\n\n\n<p>La entrega se\nrealiz\u00f3 en paralelo a domicilio para los vecinos con dificultades de movilidad\no adultos mayores. Adem\u00e1s de los vecinos m\u00e1s vulnerables, la ayuda se extendi\u00f3\na los trabajadores del transporte p\u00fablico, entreg\u00e1ndoles 10 pares de guantes,\n25 mascarillas y un litro de alcohol gel.<\/p>\n\n\n\n<p>El jefe\ncomunal, se\u00f1al\u00f3 que esta semana la ayuda tambi\u00e9n integr\u00f3 a los taxis b\u00e1sicos,\ntransporte escolar, colectivos y transportistas de turismo. \u201cNos interesa mucho\ndesde el punto de vista de la prevenci\u00f3n de la salud que todos los choferes y\nlos due\u00f1os de veh\u00edculos que se dediquen al transporte p\u00fablico cuenten con\nelementos de protecci\u00f3n personal\u201d.<\/p>\n\n\n\n<p>Asimismo, el\nedil destac\u00f3 que es importante apoyar al transporte p\u00fablico, puesto que ellos\nest\u00e1n en constante contacto con las personas, \u201centendemos que apoyando al\ntransporte p\u00fablico estamos preocupados de la poblaci\u00f3n de Puerto Natales\u201d. <\/p>\n\n\n\n<p>En tanto, el\ngobernador de la provincia de \u00daltima Esperanza, Ra\u00fal Suazo, subray\u00f3 que todos\nestos elementos de protecci\u00f3n personal van en la l\u00f3gica de lo que hay que\nempezar a internalizar. \u201cHasta que no exista una vacuna, \u00e9sta es la forma que\ntenemos de combatir el virus. Tenemos que estar conscientes de que estamos\nfrente a un virus que se transmite con mucha facilidad y por m\u00e1s barreras\nsanitarias, m\u00e1s militares que haya en las calles y m\u00e1s elementos f\u00edsicos que\ntengamos desplegados; el virus es impredecible, por lo mismo, esta es la forma\nde enfrentarlo, teniendo conciencia y respetando al otro, sin relajarnos o\npensando que esto no nos va a tocar\u201d.<\/p>\n\n\n\n<p>En\nrepresentaci\u00f3n de los transportistas, Claudio Mancilla, se mostr\u00f3 agradecido\npor la oportunidad. \u201cEsta es una cosa nueva para todos, hoy en d\u00eda el\ntransporte tiene que trabajar con todas las normas de seguridad y sobretodo los\nconductores, ya sea taxis colectivos y transportistas de turismo. Hoy en d\u00eda no\nest\u00e1n los recursos para ir generando compra de \u00fatiles de forma m\u00e1s f\u00e1cil, as\u00ed\nque agradecemos a la gobernaci\u00f3n, municipalidad por la entrega que se nos hace\nporque es de gran ayuda\u201d.<\/p>\n","protected":false},"excerpt":{"rendered":"<p>En el marco de la campa\u00f1a social que est\u00e1 desarrollando la Ilustre Municipalidad de Natales por la pandemia mundial, el acalde de la comuna, realiz\u00f3 este viernes un balance de&#8230; <a class=\"read-more\" href=\"https:\/\/www.radiopresidenteibanez.cl\/web\/cerca-de-2500-ayudas-sociales-entrego-municipio-natalino-esta-semana\/\">Leer m\u00e1s<\/a><\/p>\n","protected":false},"author":2,"featured_media":12634,"comment_status":"closed","ping_status":"closed","sticky":false,"template":"","format":"standard","meta":{"footnotes":""},"categories":[1],"tags":[],"class_list":["post-12633","post","type-post","status-publish","format-standard","has-post-thumbnail","hentry","category-cronica"],"_links":{"self":[{"href":"https:\/\/www.radiopresidenteibanez.cl\/web\/wp-json\/wp\/v2\/posts\/12633","targetHints":{"allow":["GET"]}}],"collection":[{"href":"https:\/\/www.radiopresidenteibanez.cl\/web\/wp-json\/wp\/v2\/posts"}],"about":[{"href":"https:\/\/www.radiopresidenteibanez.cl\/web\/wp-json\/wp\/v2\/types\/post"}],"author":[{"embeddable":true,"href":"https:\/\/www.radiopresidenteibanez.cl\/web\/wp-json\/wp\/v2\/users\/2"}],"replies":[{"embeddable":true,"href":"https:\/\/www.radiopresidenteibanez.cl\/web\/wp-json\/wp\/v2\/comments?post=12633"}],"version-history":[{"count":0,"href":"https:\/\/www.radiopresidenteibanez.cl\/web\/wp-json\/wp\/v2\/posts\/12633\/revisions"}],"wp:featuredmedia":[{"embeddable":true,"href":"https:\/\/www.radiopresidenteibanez.cl\/web\/wp-json\/wp\/v2\/media\/12634"}],"wp:attachment":[{"href":"https:\/\/www.radiopresidenteibanez.cl\/web\/wp-json\/wp\/v2\/media?parent=12633"}],"wp:term":[{"taxonomy":"category","embeddable":true,"href":"https:\/\/www.radiopresidenteibanez.cl\/web\/wp-json\/wp\/v2\/categories?post=12633"},{"taxonomy":"post_tag","embeddable":true,"href":"https:\/\/www.radiopresidenteibanez.cl\/web\/wp-json\/wp\/v2\/tags?post=12633"}],"curies":[{"name":"wp","href":"https:\/\/api.w.org\/{rel}","templated":true}]}}