{"id":12623,"date":"2020-06-12T19:28:27","date_gmt":"2020-06-12T19:28:27","guid":{"rendered":"https:\/\/www.radiopresidenteibanez.cl\/web\/?p=12623"},"modified":"2020-06-12T19:28:33","modified_gmt":"2020-06-12T19:28:33","slug":"cchc-lanza-una-serie-de-beneficios-para-los-trabajadores-afectados-por-la-pandemia","status":"publish","type":"post","link":"https:\/\/www.radiopresidenteibanez.cl\/web\/cchc-lanza-una-serie-de-beneficios-para-los-trabajadores-afectados-por-la-pandemia\/","title":{"rendered":"CCHC LANZA UNA SERIE DE BENEFICIOS PARA LOS TRABAJADORES AFECTADOS POR LA PANDEMIA"},"content":{"rendered":"\n<p>La C\u00e1mara Chilena de la Construcci\u00f3n lanz\u00f3 el&nbsp;<strong>Compromiso Social CChC<\/strong>, el cual busca que los trabajadores de obra y faenas de empresas socias, que se encuentren activos, suspendidos o cesantes reciban alguna orientaci\u00f3n y apoyo por parte del gremio.<\/p>\n\n\n\n<p>En ese marco, para apoyar en este momento complicado a trabajadores y empresas, la CChC lanz\u00f3 el sitio web&nbsp;<strong>\u00abMi Caja de Herramientas\u00bb<\/strong>, que tiene como finalidad asesorar y cooperar con quienes lo necesitan en el escenario de la pandemia.&nbsp;<\/p>\n\n\n\n<p>El sitio web est\u00e1 enfocado en \u00e1reas de salud, formaci\u00f3n, atenci\u00f3n social y empleo. Por ejemplo, incluye un repositorio de beneficios sociales (p\u00fablicos y privados) disponibles para los trabajadores. Adem\u00e1s, funciona con perfiles diferenciados (Empresas, Trabajadores Activos y Trabajadores Cesantes).<\/p>\n\n\n\n<p>\u201cComo C\u00e1mara tenemos un Compromiso y Protocolo Social, una instancia que nos convoca a todos en estos tiempos complicados para ir en ayuda de nuestros trabajadores, tanto activos como tambi\u00e9n los finiquitados o suspendidos. Por eso se ha puesto a disposici\u00f3n una variedad de beneficios y esperamos que sean usados por todos aquellos que lo necesitan\u201d, indica Jos\u00e9 Alvarado, presidente de CChC Punta Arenas.<\/p>\n\n\n\n<p><strong>El detalle de los beneficios de \u201cMi Caja de Herramientas\u201d:<\/strong><\/p>\n\n\n\n<p>\u00b7&nbsp;&nbsp;&nbsp;&nbsp;&nbsp;&nbsp;&nbsp;&nbsp;&nbsp;<strong>Para los trabajadores y trabajadoras<\/strong>&nbsp;el apoyo se ha concentrado en cuatro \u00e1reas: Informaci\u00f3n, Capacitaci\u00f3n, Programas Sociales CChC y material de apoyo ante el COVID-19. Ofrece la informaci\u00f3n y gu\u00eda sobre los beneficios sociales disponibles del Estado y tambi\u00e9n de iniciativas privadas de manera f\u00e1cil y clara.<\/p>\n\n\n\n<p>Adem\u00e1s, ayudaa mejorar las competencias y habilidades de los trabajadores al ofrecer cursos de oficio, talleres de educaci\u00f3n financiera y c\u00e1psulas de apoyo psicol\u00f3gico v\u00eda online.<\/p>\n\n\n\n<p>\u00b7&nbsp;&nbsp;&nbsp;&nbsp;&nbsp;&nbsp;&nbsp;&nbsp;&nbsp;<strong>Para trabajadores que quedaron cesantes:<\/strong>&nbsp;ofrece una cita personalizada con una asistente social para orientaci\u00f3n, disponibilidad de psic\u00f3logos online para la contenci\u00f3n, facilita una bolsa de trabajo y contactos para nuevas oportunidades laborales, y aporta econ\u00f3micamente para alimentaci\u00f3n y gastos b\u00e1sicos.<\/p>\n\n\n\n<p>\u00b7&nbsp;&nbsp;&nbsp;&nbsp;&nbsp;&nbsp;&nbsp;&nbsp;&nbsp;<strong>Para las empresas:<\/strong>&nbsp;el material se centra en otorgar informaci\u00f3n y acceso a las medidas de seguridad necesarias para enfrentar el COVID-19 en los lugares de trabajo.&nbsp;<\/p>\n\n\n\n<p>M\u00e1s informaci\u00f3n:<strong>&nbsp;<\/strong><a href=\"https:\/\/www.cchc.cl\/social\/cajadeherramientas\/\" target=\"_blank\" rel=\"noreferrer noopener\">https:\/\/www.cchc.cl\/social\/cajadeherramientas\/<\/a><\/p>\n\n\n\n<p><strong>Programa de Apoyo en Emergencia Sanitaria para trabajadores de la construcci\u00f3n<\/strong><\/p>\n\n\n\n<p>La C\u00e1mara Chilena de la Construcci\u00f3n cre\u00f3 un Fondo de Contingencia para apoyar a los trabajadores m\u00e1s afectados por las consecuencias de la emergencia sanitaria, social y econ\u00f3mica. Entre las iniciativas destacan las facilidades para atenciones de urgencias dentales y oftalmol\u00f3gicas.&nbsp;<\/p>\n\n\n\n<p>\u00b7&nbsp;&nbsp;&nbsp;&nbsp;&nbsp;&nbsp;&nbsp;&nbsp;&nbsp;<strong>Atenci\u00f3n Urgencia Oftalmol\u00f3gica:<\/strong>&nbsp;cubre prestaciones de urgencia oftalmol\u00f3gicas fuera de obra, como trauma ocular (golpe), extracci\u00f3n de cuerpo extra\u00f1o en el ojo, entre otras. Sin costo para trabajadores ni empresas. Incluye a trabajadores cesantes o suspendidos de una empresa socia CChC.<\/p>\n\n\n\n<p>\u00b7&nbsp;&nbsp;&nbsp;&nbsp;&nbsp;&nbsp;&nbsp;&nbsp;&nbsp;<strong>Atenci\u00f3n de Urgencia Dental:<\/strong>&nbsp;cubre atenci\u00f3n para emergencias dentales fuera de obra. Considera prestaciones como extracci\u00f3n simple, interconsulta, entre otros. Sin costo para trabajadores ni empresas. Incluye a trabajadores cesantes o suspendidos de una empresa socia CChC.<\/p>\n\n\n\n<p>Mayor informaci\u00f3n y orientaci\u00f3n: tel\u00e9fono 800 10 42 40 o al Whatsapp +56 9 3318 7315.<\/p>\n","protected":false},"excerpt":{"rendered":"<p>La C\u00e1mara Chilena de la Construcci\u00f3n lanz\u00f3 el&nbsp;Compromiso Social CChC, el cual busca que los trabajadores de obra y faenas de empresas socias, que se encuentren activos, suspendidos o cesantes&#8230; <a class=\"read-more\" href=\"https:\/\/www.radiopresidenteibanez.cl\/web\/cchc-lanza-una-serie-de-beneficios-para-los-trabajadores-afectados-por-la-pandemia\/\">Leer m\u00e1s<\/a><\/p>\n","protected":false},"author":2,"featured_media":12624,"comment_status":"closed","ping_status":"closed","sticky":false,"template":"","format":"standard","meta":{"footnotes":""},"categories":[1],"tags":[],"class_list":["post-12623","post","type-post","status-publish","format-standard","has-post-thumbnail","hentry","category-cronica"],"_links":{"self":[{"href":"https:\/\/www.radiopresidenteibanez.cl\/web\/wp-json\/wp\/v2\/posts\/12623","targetHints":{"allow":["GET"]}}],"collection":[{"href":"https:\/\/www.radiopresidenteibanez.cl\/web\/wp-json\/wp\/v2\/posts"}],"about":[{"href":"https:\/\/www.radiopresidenteibanez.cl\/web\/wp-json\/wp\/v2\/types\/post"}],"author":[{"embeddable":true,"href":"https:\/\/www.radiopresidenteibanez.cl\/web\/wp-json\/wp\/v2\/users\/2"}],"replies":[{"embeddable":true,"href":"https:\/\/www.radiopresidenteibanez.cl\/web\/wp-json\/wp\/v2\/comments?post=12623"}],"version-history":[{"count":0,"href":"https:\/\/www.radiopresidenteibanez.cl\/web\/wp-json\/wp\/v2\/posts\/12623\/revisions"}],"wp:featuredmedia":[{"embeddable":true,"href":"https:\/\/www.radiopresidenteibanez.cl\/web\/wp-json\/wp\/v2\/media\/12624"}],"wp:attachment":[{"href":"https:\/\/www.radiopresidenteibanez.cl\/web\/wp-json\/wp\/v2\/media?parent=12623"}],"wp:term":[{"taxonomy":"category","embeddable":true,"href":"https:\/\/www.radiopresidenteibanez.cl\/web\/wp-json\/wp\/v2\/categories?post=12623"},{"taxonomy":"post_tag","embeddable":true,"href":"https:\/\/www.radiopresidenteibanez.cl\/web\/wp-json\/wp\/v2\/tags?post=12623"}],"curies":[{"name":"wp","href":"https:\/\/api.w.org\/{rel}","templated":true}]}}