{"id":12619,"date":"2020-06-12T14:42:34","date_gmt":"2020-06-12T14:42:34","guid":{"rendered":"https:\/\/www.radiopresidenteibanez.cl\/web\/?p=12619"},"modified":"2020-06-12T14:42:38","modified_gmt":"2020-06-12T14:42:38","slug":"ultimos-dias-para-postular-proyectos-al-fondo-de-fortalecimiento-del-ministerio-secretaria-general-de-gobierno","status":"publish","type":"post","link":"https:\/\/www.radiopresidenteibanez.cl\/web\/ultimos-dias-para-postular-proyectos-al-fondo-de-fortalecimiento-del-ministerio-secretaria-general-de-gobierno\/","title":{"rendered":"\u00daLTIMOS D\u00cdAS PARA POSTULAR PROYECTOS AL FONDO DE  FORTALECIMIENTO DEL MINISTERIO SECRETAR\u00cdA GENERAL DE GOBIERNO"},"content":{"rendered":"\n<p>Este martes\n16 de junio finaliza el plazo para postular las iniciativas al Fondo de\nFortalecimiento de Organizaciones de Inter\u00e9s P\u00fablico (FFOIP) del Ministerio\nSecretar\u00eda General de Gobierno.<\/p>\n\n\n\n<p>En la regi\u00f3n,\nhay disponibles $43.407.371 para financiar proyectos de car\u00e1cter local,\nregional y nacional orientados a derechos humanos, asistencia social,\neducaci\u00f3n, salud, medio ambiente o cualquiera otra de bien com\u00fan.<\/p>\n\n\n\n<p>Entendiendo\nque producto de la pandemia muchos dirigentes y organizaciones sociales est\u00e1n\ndesarrollando su trabajo de manera distinta a como lo hacen habitualmente, la\nseremi de Gobierno, Alejandra Mu\u00f1oz, los llam\u00f3 a motivarse y a presentar sus\nproyectos desde sus hogares.<\/p>\n\n\n\n<p>\u201cSabemos que\nestamos en una situaci\u00f3n sanitaria compleja, y por eso, se flexibiliz\u00f3 la\nsolicitud de documentaci\u00f3n requerida para la admisibilidad, por lo que se\nrequerir\u00e1n, los documentos actualizados al momento de la firma del convenio y\nno al momento de evaluar la admisibilidad del proyecto a postular\u201d, se\u00f1al\u00f3 la\nseremi Mu\u00f1oz.<\/p>\n\n\n\n<p>Adem\u00e1s, la\nvocera del Gobierno Regional a\u00f1adi\u00f3 que \u201cen este momento lo m\u00e1s importante es\nresguardar la salud de todos los vecinos y vecinas de nuestra regi\u00f3n, por eso\nla invitaci\u00f3n es a participar en la presentaci\u00f3n de iniciativas que les ayuden\na fortalecer el trabajo que desarrollan por sus asociados\u201d.<\/p>\n\n\n\n<p>Este es uno\nde muchos otros fondos concursables que tiene el Estado para que puedan\npresentar iniciativas que les ayuden a mejorar la calidad de vida de sus\norganizaciones o de los sectores donde viven.<\/p>\n\n\n\n<p>\u201cComo\ngobierno tenemos un compromiso con la sociedad civil, los dirigentes sociales, y\na trav\u00e9s de nuestros profesionales de Fondos Concursables podemos brindarles\norientaci\u00f3n y aclarar sus inquietudes sobre sus proyectos\u201d, asegur\u00f3 la seremi.<\/p>\n","protected":false},"excerpt":{"rendered":"<p>Este martes 16 de junio finaliza el plazo para postular las iniciativas al Fondo de Fortalecimiento de Organizaciones de Inter\u00e9s P\u00fablico (FFOIP) del Ministerio Secretar\u00eda General de Gobierno. En la&#8230; <a class=\"read-more\" href=\"https:\/\/www.radiopresidenteibanez.cl\/web\/ultimos-dias-para-postular-proyectos-al-fondo-de-fortalecimiento-del-ministerio-secretaria-general-de-gobierno\/\">Leer m\u00e1s<\/a><\/p>\n","protected":false},"author":2,"featured_media":12620,"comment_status":"closed","ping_status":"closed","sticky":false,"template":"","format":"standard","meta":{"footnotes":""},"categories":[1],"tags":[],"class_list":["post-12619","post","type-post","status-publish","format-standard","has-post-thumbnail","hentry","category-cronica"],"_links":{"self":[{"href":"https:\/\/www.radiopresidenteibanez.cl\/web\/wp-json\/wp\/v2\/posts\/12619","targetHints":{"allow":["GET"]}}],"collection":[{"href":"https:\/\/www.radiopresidenteibanez.cl\/web\/wp-json\/wp\/v2\/posts"}],"about":[{"href":"https:\/\/www.radiopresidenteibanez.cl\/web\/wp-json\/wp\/v2\/types\/post"}],"author":[{"embeddable":true,"href":"https:\/\/www.radiopresidenteibanez.cl\/web\/wp-json\/wp\/v2\/users\/2"}],"replies":[{"embeddable":true,"href":"https:\/\/www.radiopresidenteibanez.cl\/web\/wp-json\/wp\/v2\/comments?post=12619"}],"version-history":[{"count":0,"href":"https:\/\/www.radiopresidenteibanez.cl\/web\/wp-json\/wp\/v2\/posts\/12619\/revisions"}],"wp:featuredmedia":[{"embeddable":true,"href":"https:\/\/www.radiopresidenteibanez.cl\/web\/wp-json\/wp\/v2\/media\/12620"}],"wp:attachment":[{"href":"https:\/\/www.radiopresidenteibanez.cl\/web\/wp-json\/wp\/v2\/media?parent=12619"}],"wp:term":[{"taxonomy":"category","embeddable":true,"href":"https:\/\/www.radiopresidenteibanez.cl\/web\/wp-json\/wp\/v2\/categories?post=12619"},{"taxonomy":"post_tag","embeddable":true,"href":"https:\/\/www.radiopresidenteibanez.cl\/web\/wp-json\/wp\/v2\/tags?post=12619"}],"curies":[{"name":"wp","href":"https:\/\/api.w.org\/{rel}","templated":true}]}}