{"id":12610,"date":"2020-06-12T12:47:57","date_gmt":"2020-06-12T12:47:57","guid":{"rendered":"https:\/\/www.radiopresidenteibanez.cl\/web\/?p=12610"},"modified":"2020-06-12T12:48:01","modified_gmt":"2020-06-12T12:48:01","slug":"cerca-de-7-mil-hogares-recibieron-en-magallanes-el-primer-pago-del-ingreso-familiar-de-emergencia","status":"publish","type":"post","link":"https:\/\/www.radiopresidenteibanez.cl\/web\/cerca-de-7-mil-hogares-recibieron-en-magallanes-el-primer-pago-del-ingreso-familiar-de-emergencia\/","title":{"rendered":"CERCA DE 7 MIL HOGARES RECIBIERON EN MAGALLANES EL PRIMER PAGO DEL INGRESO FAMILIAR DE EMERGENCIA"},"content":{"rendered":"\n<p>De forma simb\u00f3lica, este mediod\u00eda la Seremi de\nDesarrollo Social y Familia de la Regi\u00f3n de Magallanes y de la Ant\u00e1rtica Chile,\nLiz Casanueva realiz\u00f3 la entrega del beneficio Ingreso Familiar de Emergencia\n(IFE), actividad que cont\u00f3 con la presencia del Intendente Regional, Jos\u00e9\nFern\u00e1ndez.<\/p>\n\n\n\n<p>En\nnuestra regi\u00f3n, 6.712 hogares y 18.450 personas fueron parte de este primer\npago, que viene a complementar el trabajo que ha realizado el Gobierno,\nmediante la Red de Protecci\u00f3n Social, para resguardar los empleos e ingresos de\nlos trabajadores, como ha sido la Ley de Protecci\u00f3n al Empleo, la devoluci\u00f3n\nanticipada de la retenci\u00f3n de impuestos para quienes tienen boletas de\nhonorarios, los cr\u00e9ditos otorgados a empresas que necesitan liquidez y el pago\ndel Bono Covid.<\/p>\n\n\n\n<p>La\nSeremi de la cartera, hizo extensivo su saludo a todos los beneficiarios,\nse\u00f1alando que \u201cesta ayuda se entregar\u00e1 por hasta tres meses y el monto\ndepender\u00e1 del tama\u00f1o y del tipo de hogar, y ser\u00e1 decreciente en el tiempo. El segundo\naporte del IFE se recibir\u00e1 a partir del 23 de junio para los beneficiarios\nautom\u00e1ticos. Para quienes no est\u00e1n dentro de quienes lo reciben de manera\nautom\u00e1tica, y a\u00fan no han solicitado el beneficio, deben hacerlo antes del 29 de\njunio\u201d.<\/p>\n\n\n\n<p>Asimismo,\nla autoridad regional reiter\u00f3 el llamado a solicitar este beneficio en <a href=\"http:\/\/www.ingresodeemergencia.cl\">www.ingresodeemergencia.cl<\/a>, agregando que para aquellos hogares que no registren\ningresos formales y que no hayan recibido el beneficio existe un canal expedito\nde apelaci\u00f3n para revisar su situaci\u00f3n socioecon\u00f3mica.&nbsp; <\/p>\n","protected":false},"excerpt":{"rendered":"<p>De forma simb\u00f3lica, este mediod\u00eda la Seremi de Desarrollo Social y Familia de la Regi\u00f3n de Magallanes y de la Ant\u00e1rtica Chile, Liz Casanueva realiz\u00f3 la entrega del beneficio Ingreso&#8230; <a class=\"read-more\" href=\"https:\/\/www.radiopresidenteibanez.cl\/web\/cerca-de-7-mil-hogares-recibieron-en-magallanes-el-primer-pago-del-ingreso-familiar-de-emergencia\/\">Leer m\u00e1s<\/a><\/p>\n","protected":false},"author":2,"featured_media":12611,"comment_status":"closed","ping_status":"closed","sticky":false,"template":"","format":"standard","meta":{"footnotes":""},"categories":[1],"tags":[],"class_list":["post-12610","post","type-post","status-publish","format-standard","has-post-thumbnail","hentry","category-cronica"],"_links":{"self":[{"href":"https:\/\/www.radiopresidenteibanez.cl\/web\/wp-json\/wp\/v2\/posts\/12610","targetHints":{"allow":["GET"]}}],"collection":[{"href":"https:\/\/www.radiopresidenteibanez.cl\/web\/wp-json\/wp\/v2\/posts"}],"about":[{"href":"https:\/\/www.radiopresidenteibanez.cl\/web\/wp-json\/wp\/v2\/types\/post"}],"author":[{"embeddable":true,"href":"https:\/\/www.radiopresidenteibanez.cl\/web\/wp-json\/wp\/v2\/users\/2"}],"replies":[{"embeddable":true,"href":"https:\/\/www.radiopresidenteibanez.cl\/web\/wp-json\/wp\/v2\/comments?post=12610"}],"version-history":[{"count":0,"href":"https:\/\/www.radiopresidenteibanez.cl\/web\/wp-json\/wp\/v2\/posts\/12610\/revisions"}],"wp:featuredmedia":[{"embeddable":true,"href":"https:\/\/www.radiopresidenteibanez.cl\/web\/wp-json\/wp\/v2\/media\/12611"}],"wp:attachment":[{"href":"https:\/\/www.radiopresidenteibanez.cl\/web\/wp-json\/wp\/v2\/media?parent=12610"}],"wp:term":[{"taxonomy":"category","embeddable":true,"href":"https:\/\/www.radiopresidenteibanez.cl\/web\/wp-json\/wp\/v2\/categories?post=12610"},{"taxonomy":"post_tag","embeddable":true,"href":"https:\/\/www.radiopresidenteibanez.cl\/web\/wp-json\/wp\/v2\/tags?post=12610"}],"curies":[{"name":"wp","href":"https:\/\/api.w.org\/{rel}","templated":true}]}}