{"id":12608,"date":"2020-06-12T12:46:58","date_gmt":"2020-06-12T12:46:58","guid":{"rendered":"https:\/\/www.radiopresidenteibanez.cl\/web\/?p=12608"},"modified":"2020-06-12T12:47:02","modified_gmt":"2020-06-12T12:47:02","slug":"gobernacion-de-magallanes-llama-a-realizar-mantenciones-de-artefactos-a-gas","status":"publish","type":"post","link":"https:\/\/www.radiopresidenteibanez.cl\/web\/gobernacion-de-magallanes-llama-a-realizar-mantenciones-de-artefactos-a-gas\/","title":{"rendered":"GOBERNACI\u00d3N DE MAGALLANES LLAMA A REALIZAR MANTENCIONES DE ARTEFACTOS A GAS"},"content":{"rendered":"\n<p>El gas es la principal fuente de energ\u00eda en\nla regi\u00f3n y como tal, est\u00e1 presente en todos sus hogares. Es por esto que la\ngobernaci\u00f3n de Magallanes, a trav\u00e9s de su Comit\u00e9 T\u00e9cnico Asesor (CTA), realiz\u00f3\nuna mesa de trabajo con: la municipalidad de Punta Arenas y la Superintendencia\nde Electricidad y Combustibles (SEC), donde abordan la prevenci\u00f3n de\nintoxicaciones por mon\u00f3xido de carbono.<\/p>\n\n\n\n<p>Homero Villegas, gobernador de Magallanes,\nresalt\u00f3 que: \u201cel gas y por sobre todo el mon\u00f3xido de carbono (CO), son un\nenemigo silencioso, ya que \u00e9ste proviene de una combusti\u00f3n incompleta que se\nproduce cuando hay un suministro de aire limitado, entonces el proceso no\nocurre como corresponde y comenzamos a respirar este compuesto que muchas veces\npuede ser mortal\u201d.&nbsp;&nbsp; <\/p>\n\n\n\n<p>La SEC, a trav\u00e9s de su director regional,\nJuan Barticevic, tambi\u00e9n se encuentra participando de esta campa\u00f1a de difusi\u00f3n,\nentregando importantes consejos a la ciudadan\u00eda, explicando que: \u201clos\nprincipales problemas se encuentran en la falta de mantenimiento de los\nartefactos; instalaci\u00f3n de artefactos en lugares que no son adecuados, por\nejemplo, en dormitorios, calefactores sin ca\u00f1os de evacuaci\u00f3n de gases o en mal\nestado\u201d. SEC cuenta con una lista de instaladores certificados, quienes poseen\nuna licencia para realizar este trabajo, la lista perteneciente a Magallanes,\nla puede encontrar en: <a href=\"http:\/\/www.sec.cl\">www.sec.cl<\/a> <\/p>\n\n\n\n<p>Dentro de la normativa vigente, se permite\nla instalaci\u00f3n de calefactores de tiro balanceado para ba\u00f1os y dormitorios, ya\nque estos tienen un doble ducto, con el ducto interior se eliminan los gases\nquemados hacia el exterior, y por el ducto exterior, se toma el aire para\nlograr la combusti\u00f3n, ya que \u00e9sta siempre se produce gracias al gas y aire.<\/p>\n\n\n\n<p>Pablo Gonz\u00e1lez, bombero de la 7\u00aa Compa\u00f1\u00eda\nBarrio Prat, quien adem\u00e1s es param\u00e9dico del Samu, detall\u00f3 que \u201clas personas con\ncompromiso de conciencia parcial, producto de intoxicaci\u00f3n por mon\u00f3xido de\ncarbono, presenta sintomatolog\u00eda como: n\u00e1useas, v\u00f3mitos, dolor de cabeza\nintenso, fatiga, entre otros\u201d. <\/p>\n\n\n\n<p>Es muy importante recordad que el\nmon\u00f3xido de carbono es inoloro, incoloro e ins\u00edpido, por lo cual es muy dif\u00edcil\nsu detecci\u00f3n, siendo fundamental para la prevenci\u00f3n, tener una buena\nventilaci\u00f3n al interior del hogar. <\/p>\n\n\n\n<p>En caso de presentarse una emergencia,\ndebe inmediatamente salir de la casa y llamar a: Samu 131; Bomberos 132 \u00f3\nCarabineros 133, las tres instituciones cuentan con protocolos para activar la\nayuda correspondiente y poder socorrerlo con la ayuda oportuna. <\/p>\n","protected":false},"excerpt":{"rendered":"<p>El gas es la principal fuente de energ\u00eda en la regi\u00f3n y como tal, est\u00e1 presente en todos sus hogares. Es por esto que la gobernaci\u00f3n de Magallanes, a trav\u00e9s&#8230; <a class=\"read-more\" href=\"https:\/\/www.radiopresidenteibanez.cl\/web\/gobernacion-de-magallanes-llama-a-realizar-mantenciones-de-artefactos-a-gas\/\">Leer m\u00e1s<\/a><\/p>\n","protected":false},"author":2,"featured_media":11919,"comment_status":"closed","ping_status":"closed","sticky":false,"template":"","format":"standard","meta":{"footnotes":""},"categories":[1],"tags":[],"class_list":["post-12608","post","type-post","status-publish","format-standard","has-post-thumbnail","hentry","category-cronica"],"_links":{"self":[{"href":"https:\/\/www.radiopresidenteibanez.cl\/web\/wp-json\/wp\/v2\/posts\/12608","targetHints":{"allow":["GET"]}}],"collection":[{"href":"https:\/\/www.radiopresidenteibanez.cl\/web\/wp-json\/wp\/v2\/posts"}],"about":[{"href":"https:\/\/www.radiopresidenteibanez.cl\/web\/wp-json\/wp\/v2\/types\/post"}],"author":[{"embeddable":true,"href":"https:\/\/www.radiopresidenteibanez.cl\/web\/wp-json\/wp\/v2\/users\/2"}],"replies":[{"embeddable":true,"href":"https:\/\/www.radiopresidenteibanez.cl\/web\/wp-json\/wp\/v2\/comments?post=12608"}],"version-history":[{"count":0,"href":"https:\/\/www.radiopresidenteibanez.cl\/web\/wp-json\/wp\/v2\/posts\/12608\/revisions"}],"wp:featuredmedia":[{"embeddable":true,"href":"https:\/\/www.radiopresidenteibanez.cl\/web\/wp-json\/wp\/v2\/media\/11919"}],"wp:attachment":[{"href":"https:\/\/www.radiopresidenteibanez.cl\/web\/wp-json\/wp\/v2\/media?parent=12608"}],"wp:term":[{"taxonomy":"category","embeddable":true,"href":"https:\/\/www.radiopresidenteibanez.cl\/web\/wp-json\/wp\/v2\/categories?post=12608"},{"taxonomy":"post_tag","embeddable":true,"href":"https:\/\/www.radiopresidenteibanez.cl\/web\/wp-json\/wp\/v2\/tags?post=12608"}],"curies":[{"name":"wp","href":"https:\/\/api.w.org\/{rel}","templated":true}]}}