{"id":12605,"date":"2020-06-12T12:44:25","date_gmt":"2020-06-12T12:44:25","guid":{"rendered":"https:\/\/www.radiopresidenteibanez.cl\/web\/?p=12605"},"modified":"2020-06-12T12:57:14","modified_gmt":"2020-06-12T12:57:14","slug":"alumnos-de-porvenir-rio-verde-san-gregorio-timaukel-y-puna-arenas-ganan-etapa-de-escritura-del-concurso-de-fundacion-teraike","status":"publish","type":"post","link":"https:\/\/www.radiopresidenteibanez.cl\/web\/alumnos-de-porvenir-rio-verde-san-gregorio-timaukel-y-puna-arenas-ganan-etapa-de-escritura-del-concurso-de-fundacion-teraike\/","title":{"rendered":"ALUMNOS DE PORVENIR, R\u00cdO VERDE, SAN GREGORIO, TIMAUKEL Y PUNTA ARENAS GANAN ETAPA DE ESCRITURA DEL CONCURSO DE FUNDACI\u00d3N TERAIKE"},"content":{"rendered":"\n<p>Doce\ncuentos, que rescatan la vida de los pueblos originarios, conquistadores y\ncolonos, junto a las historias de familias magall\u00e1nicas, fueron los ganadores\nde la etapa de escritura del concurso \u201cJ\u00f3venes talentos de Magallanes: 500 a\u00f1os\nde historia\u201d organizado por Fundaci\u00f3n Teraike, en la que participaron escolares\nde 8 a 18 a\u00f1os.<\/p>\n\n\n\n<p>El\njurado de esta primera etapa estuvo formado por Rosamar\u00eda Solar, escritora\ninfantil, traductora, editora y muse\u00f3loga de la regi\u00f3n; Esteban Cabezas, periodista\ny escritor infantil y juvenil; Guillermo Mimica C\u00e1rcamo, abogado y escritor de\nPunta Arenas y la directora de Fundaci\u00f3n Teraike, Mar\u00eda Teresa Palma Matetic.\nEl jurado seleccion\u00f3 adem\u00e1s 12 menciones honrosas.<\/p>\n\n\n\n<p>La novena\nversi\u00f3n del concurso escolar de Fundaci\u00f3n Teraike tuvo que adaptarse a la\ndif\u00edcil situaci\u00f3n que ha significado la pandemia, postergando el plazo de la\nprimera etapa lanzada en marzo. Pese al cierre de colegios y la imposibilidad\nde visitarlos para dar a conocer el concurso a escolares y profesores, el\ncertamen recibi\u00f3 cuentos de seis comunas, cinco de las cuales obtuvieron\nganadores. <\/p>\n\n\n\n<p>\u201cRecibimos\nmenos cuentos que en a\u00f1os anteriores, pero el nivel se mantuvo muy alto, ya que\nparticiparon los alumnos que realmente se motivan con la escritura y pudieron\nconvertirla en su compa\u00f1era durante este tiempo en casa. Estamos felices de\nrecibir cuentos de R\u00edo Verde y San Gregorio, comunas que no hab\u00edan participado\nnunca. Hoy tienen ganadores que enriquecen nuestro libro al aportar con sus distintas\nmiradas\u201d, explic\u00f3 Francisca Vogt, directora ejecutiva de Fundaci\u00f3n Teraike.<\/p>\n\n\n\n<p>El lunes 15\nde junio se dar\u00e1 inicio a la etapa de ilustraci\u00f3n, donde los escolares de 5 a\n18 a\u00f1os podr\u00e1n ilustrar los cuentos ganadores correspondientes a su categor\u00eda. Para\ncada cuento se elegir\u00e1 un trabajo ganador y una menci\u00f3n honrosa.<\/p>\n\n\n\n<p>Los cuentos para ilustrar se pueden descargar en el sitio web\nde la Fundaci\u00f3n, <a href=\"http:\/\/www.fundacionteraike.cl\">www.fundacionteraike.cl<\/a>, donde los participantes podr\u00e1n\nencontrar tambi\u00e9n las bases del concurso y la plataforma para enviar una foto\nde sus ilustraciones. El plazo para la recepci\u00f3n de trabajos vence el 20 de\njulio.<\/p>\n\n\n\n<p>Por\nprimera vez, el libro resultado del concurso ser\u00e1 biling\u00fce y estar\u00e1 disponible\npara la venta al p\u00fablico nacional y extranjero. Adem\u00e1s de convertirse en los\nautores del libro \u201c500 a\u00f1os de historia\u201d los ganadores recibir\u00e1n excelentes\npremios, como tablets, libros y materiales de arte, y experiencias educativas\nfamiliares gracias al aporte del Parque del Estrecho, DAP y la Armada de Chile.\n<\/p>\n\n\n\n<p>Para mayor informaci\u00f3n escribir a <a href=\"mailto:contacto@fundacionteraike.cl\">contacto@fundacionteraike.cl<\/a><\/p>\n\n\n\n<p><strong>Ganadores Etapa de escritura<\/strong><\/p>\n\n\n\n<p>Concurso J\u00f3venes talentos de Magallanes: 500 a\u00f1os de historia<\/p>\n\n\n\n<p>Categor\u00eda 8 a 11 a\u00f1os<\/p>\n\n\n\n<p>&#8211; Lioren\nVilches Meza<\/p>\n\n\n\n<p>\u201cEl kl\u00f3keten, mi hermano K\u00f3rien\u201d<\/p>\n\n\n\n<p>Escuela Bernardo O\u00b4Higgins <\/p>\n\n\n\n<p>Porvenir<\/p>\n\n\n\n<p>-Emma Twyman Montiel<\/p>\n\n\n\n<p>\u201cMis antepasados, de Inglaterra a la Patagonia\u201d<\/p>\n\n\n\n<p>Ex\u00e1menes libres<\/p>\n\n\n\n<p>San Gregorio<\/p>\n\n\n\n<p>-Juan Pablo Sarmiento Ahumada<\/p>\n\n\n\n<p>\u201cKela\u201d<\/p>\n\n\n\n<p>Escuela Bernardo O\u00b4Higgins <\/p>\n\n\n\n<p>Porvenir<\/p>\n\n\n\n<p>&#8211; Rafaela Rivera Garc\u00e9s<\/p>\n\n\n\n<p>\u201cLa barcaza\u201d<\/p>\n\n\n\n<p>Escuela G-33 Bernardo de Bruyne<\/p>\n\n\n\n<p>R\u00edo Verde<\/p>\n\n\n\n<p>Categor\u00eda 12 a 14 a\u00f1os<\/p>\n\n\n\n<p>&#8211; Amalia Cornejo Ruiz-Moreno<\/p>\n\n\n\n<p>\u201cUna foto mirando al estrecho\u201d<\/p>\n\n\n\n<p>Ex\u00e1menes libres<\/p>\n\n\n\n<p>Timaukel<\/p>\n\n\n\n<p>&#8211; Juan Carlos Riveras Correa<\/p>\n\n\n\n<p>\u201cRememorando mi ni\u00f1ez en Cerro Sombrero\u201d<\/p>\n\n\n\n<p>Liceo Juan Bautista Contardi<\/p>\n\n\n\n<p>Punta Arenas<\/p>\n\n\n\n<p>-Martina Zu\u00f1iga<\/p>\n\n\n\n<p>\u201cUn d\u00eda importante para ellos\u201d<\/p>\n\n\n\n<p>Liceo Mar\u00eda Auxiliadora<\/p>\n\n\n\n<p>Punta Arenas<\/p>\n\n\n\n<p>-Laura Cena Gam\u00edn<\/p>\n\n\n\n<p>\u201cLa insurrecci\u00f3n obrera\u201d<\/p>\n\n\n\n<p>Liceo Juan Bautista Contardi<\/p>\n\n\n\n<p>Punta Arenas<\/p>\n\n\n\n<p>Categor\u00eda 15 a 18 a\u00f1os<\/p>\n\n\n\n<p>-Camila Guajardo<\/p>\n\n\n\n<p>\u201cCarta al estrecho\u201d<\/p>\n\n\n\n<p>Instituto Superior de Comercio<\/p>\n\n\n\n<p>Punta Arenas<\/p>\n\n\n\n<p>-Sof\u00eda Silva<\/p>\n\n\n\n<p>\u201cFragmento del diario de un abuelo\nmagall\u00e1nico\u201d<\/p>\n\n\n\n<p>Liceo Mar\u00eda Auxiliadora<\/p>\n\n\n\n<p>Punta Arenas<\/p>\n\n\n\n<p>-Gustavo P\u00e9rez<\/p>\n\n\n\n<p>\u201cEl soldado y el demonio\u201d<\/p>\n\n\n\n<p>Colegio Alem\u00e1n<\/p>\n\n\n\n<p>Punta Arenas<\/p>\n\n\n\n<p>&#8211; Catalina\nConstanza Silva Guti\u00e9rrez<\/p>\n\n\n\n<p>\u201cMi \u00faltimo aliento\u201d<\/p>\n\n\n\n<p>Liceo Mar\u00eda Auxiliadora<\/p>\n\n\n\n<p>Punta Arenas<\/p>\n","protected":false},"excerpt":{"rendered":"<p>Doce cuentos, que rescatan la vida de los pueblos originarios, conquistadores y colonos, junto a las historias de familias magall\u00e1nicas, fueron los ganadores de la etapa de escritura del concurso&#8230; <a class=\"read-more\" href=\"https:\/\/www.radiopresidenteibanez.cl\/web\/alumnos-de-porvenir-rio-verde-san-gregorio-timaukel-y-puna-arenas-ganan-etapa-de-escritura-del-concurso-de-fundacion-teraike\/\">Leer m\u00e1s<\/a><\/p>\n","protected":false},"author":2,"featured_media":12606,"comment_status":"closed","ping_status":"closed","sticky":false,"template":"","format":"standard","meta":{"footnotes":""},"categories":[1],"tags":[],"class_list":["post-12605","post","type-post","status-publish","format-standard","has-post-thumbnail","hentry","category-cronica"],"_links":{"self":[{"href":"https:\/\/www.radiopresidenteibanez.cl\/web\/wp-json\/wp\/v2\/posts\/12605","targetHints":{"allow":["GET"]}}],"collection":[{"href":"https:\/\/www.radiopresidenteibanez.cl\/web\/wp-json\/wp\/v2\/posts"}],"about":[{"href":"https:\/\/www.radiopresidenteibanez.cl\/web\/wp-json\/wp\/v2\/types\/post"}],"author":[{"embeddable":true,"href":"https:\/\/www.radiopresidenteibanez.cl\/web\/wp-json\/wp\/v2\/users\/2"}],"replies":[{"embeddable":true,"href":"https:\/\/www.radiopresidenteibanez.cl\/web\/wp-json\/wp\/v2\/comments?post=12605"}],"version-history":[{"count":0,"href":"https:\/\/www.radiopresidenteibanez.cl\/web\/wp-json\/wp\/v2\/posts\/12605\/revisions"}],"wp:featuredmedia":[{"embeddable":true,"href":"https:\/\/www.radiopresidenteibanez.cl\/web\/wp-json\/wp\/v2\/media\/12606"}],"wp:attachment":[{"href":"https:\/\/www.radiopresidenteibanez.cl\/web\/wp-json\/wp\/v2\/media?parent=12605"}],"wp:term":[{"taxonomy":"category","embeddable":true,"href":"https:\/\/www.radiopresidenteibanez.cl\/web\/wp-json\/wp\/v2\/categories?post=12605"},{"taxonomy":"post_tag","embeddable":true,"href":"https:\/\/www.radiopresidenteibanez.cl\/web\/wp-json\/wp\/v2\/tags?post=12605"}],"curies":[{"name":"wp","href":"https:\/\/api.w.org\/{rel}","templated":true}]}}