{"id":126,"date":"2018-12-26T22:39:41","date_gmt":"2018-12-26T22:39:41","guid":{"rendered":"http:\/\/www.radiopresidenteibanez.cl\/web\/?p=126"},"modified":"2018-12-26T22:40:03","modified_gmt":"2018-12-26T22:40:03","slug":"magallanes-es-la-unica-region-del-pais-que-no-posee-campamentos","status":"publish","type":"post","link":"https:\/\/www.radiopresidenteibanez.cl\/web\/magallanes-es-la-unica-region-del-pais-que-no-posee-campamentos\/","title":{"rendered":"MAGALLANES ES LA \u00daNICA REGI\u00d3N DEL PA\u00cdS QUE NO POSEE CAMPAMENTOS"},"content":{"rendered":"\n<p>La primera medici\u00f3n hace siete a\u00f1os\nconsider\u00f3 que m\u00e1s de 27 mil familias viv\u00edan en condiciones precarias. Con la\ninformaci\u00f3n actual, se determin\u00f3 que esa cantidad de hogares se elev\u00f3 hasta\n46.423.<\/p>\n\n\n\n<p>Esta\nprimera etapa signific\u00f3 un intenso trabajo de varios meses, en el que\ntrabajaron m\u00e1s de 150 profesionales en terreno y que implic\u00f3 consensuar datos\ncon las regiones y el levantamiento de informaci\u00f3n a trav\u00e9s de una ficha\ndigital y la delimitaci\u00f3n de un pol\u00edgono de \u00e1rea de cada campamento. Cabe\ndestacar, que los resultados de la segunda etapa ser\u00e1n presentados durante el\n2019 y&nbsp; tratar\u00e1n de caracterizar a los\ngrupos familiares que ah\u00ed viven. \u201cTenemos que transformar los campamentos en algo visible. El\ncatastro nos va ayudar para que podamos tomar buenas decisiones. Hay que\ntrabajar sobre esta informaci\u00f3n para encontrar soluciones. Estamos trabajando\ncon el sector privado, con la sociedad civil y con las ONGs en este tema y de\nah\u00ed van a salir buenas ideas. Si seguimos haciendo lo mismo vamos a seguir con\neste ritmo, por eso, tenemos que buscar nuevas e innovadoras estrategias\u201d, detall\u00f3 esta ma\u00f1ana en Arica en ministro de Vivienda y\nUrbanismo, Cristi\u00e1n Monckeberg.<\/p>\n\n\n\n<p>Dentro\nde los principales resultados que arroj\u00f3 el estudio, fue que estas regiones\npresentaron el mayor aumento: Antofagasta (+50); Atacama (+45); Tarapac\u00e1&nbsp; (+36); luego las que presentaron mayor\ndisminuci\u00f3n fueron: Ays\u00e9n (-3); Maule (-4); Coquimbo (-9) y finalmente, que la\nRegi\u00f3n de Magallanes y la Ant\u00e1rtica Chilena fue la \u00fanica donde no se\nregistraron campamentos. Dichos resultados fueron valorados tambi\u00e9n por el\nseremi de la cartera en Magallanes, Jos\u00e9 Miguel Horcos, quien dijo que es bueno\ntener este tipo de instrumentos a nivel pa\u00eds y que a nivel regional, servir\u00e1\npara seguir enfocando las pol\u00edticas p\u00fablicas a seguir construyendo viviendas y\nterminar con el d\u00e9ficit habitacional que posee Magallanes. \u201cEstos antecedentes nos permitir\u00e1n focalizar las&nbsp; pol\u00edticas p\u00fablicas que impulse el Gobierno\ndel Presidente Sebasti\u00e1n Pi\u00f1era a trav\u00e9s de un trabajo multisectorial, para\nmejorar la calidad de vida de las a trav\u00e9s de subsidios y programas de ayuda\nsocial\u201d, concluy\u00f3 el seremi Horcos. <\/p>\n","protected":false},"excerpt":{"rendered":"<p>La primera medici\u00f3n hace siete a\u00f1os consider\u00f3 que m\u00e1s de 27 mil familias viv\u00edan en condiciones precarias. Con la informaci\u00f3n actual, se determin\u00f3 que esa cantidad de hogares se elev\u00f3&#8230; <a class=\"read-more\" href=\"https:\/\/www.radiopresidenteibanez.cl\/web\/magallanes-es-la-unica-region-del-pais-que-no-posee-campamentos\/\">Leer m\u00e1s<\/a><\/p>\n","protected":false},"author":2,"featured_media":127,"comment_status":"closed","ping_status":"closed","sticky":false,"template":"","format":"standard","meta":{"footnotes":""},"categories":[1],"tags":[],"class_list":["post-126","post","type-post","status-publish","format-standard","has-post-thumbnail","hentry","category-cronica"],"_links":{"self":[{"href":"https:\/\/www.radiopresidenteibanez.cl\/web\/wp-json\/wp\/v2\/posts\/126","targetHints":{"allow":["GET"]}}],"collection":[{"href":"https:\/\/www.radiopresidenteibanez.cl\/web\/wp-json\/wp\/v2\/posts"}],"about":[{"href":"https:\/\/www.radiopresidenteibanez.cl\/web\/wp-json\/wp\/v2\/types\/post"}],"author":[{"embeddable":true,"href":"https:\/\/www.radiopresidenteibanez.cl\/web\/wp-json\/wp\/v2\/users\/2"}],"replies":[{"embeddable":true,"href":"https:\/\/www.radiopresidenteibanez.cl\/web\/wp-json\/wp\/v2\/comments?post=126"}],"version-history":[{"count":0,"href":"https:\/\/www.radiopresidenteibanez.cl\/web\/wp-json\/wp\/v2\/posts\/126\/revisions"}],"wp:featuredmedia":[{"embeddable":true,"href":"https:\/\/www.radiopresidenteibanez.cl\/web\/wp-json\/wp\/v2\/media\/127"}],"wp:attachment":[{"href":"https:\/\/www.radiopresidenteibanez.cl\/web\/wp-json\/wp\/v2\/media?parent=126"}],"wp:term":[{"taxonomy":"category","embeddable":true,"href":"https:\/\/www.radiopresidenteibanez.cl\/web\/wp-json\/wp\/v2\/categories?post=126"},{"taxonomy":"post_tag","embeddable":true,"href":"https:\/\/www.radiopresidenteibanez.cl\/web\/wp-json\/wp\/v2\/tags?post=126"}],"curies":[{"name":"wp","href":"https:\/\/api.w.org\/{rel}","templated":true}]}}