{"id":12597,"date":"2020-06-11T13:47:18","date_gmt":"2020-06-11T13:47:18","guid":{"rendered":"https:\/\/www.radiopresidenteibanez.cl\/web\/?p=12597"},"modified":"2020-06-11T13:47:45","modified_gmt":"2020-06-11T13:47:45","slug":"tarjeteros-llegaron-hasta-las-afueras-del-municipio-para-conocer-detalles-del-termino-de-contrato-por-parte-del-municipio","status":"publish","type":"post","link":"https:\/\/www.radiopresidenteibanez.cl\/web\/tarjeteros-llegaron-hasta-las-afueras-del-municipio-para-conocer-detalles-del-termino-de-contrato-por-parte-del-municipio\/","title":{"rendered":"TARJETEROS LLEGARON HASTA LAS AFUERAS DEL MUNICIPIO, PARA CONOCER DETALLES DEL TERMINO DE CONTRATO POR PARTE DEL MUNICIPIO"},"content":{"rendered":"\n<p>Un\ngrupo de operarios lleg\u00f3 hasta las dependencias del municipio de Punta Arenas, para\nconocer mayores detalles del termino de contrato votado el d\u00eda mi\u00e9rcoles por el\nconcejo municipal y el alcalde Radonich.<\/p>\n\n\n\n<p>En la\nocasi\u00f3n los operarios solicitan poder trabajar hasta fin de mes, para poder\ncobrar su sueldo de manera completa, as\u00ed evitar tener problemas de dineros.<\/p>\n\n\n\n<p>Los trabajadores manifestaron que no volver\u00e1n a trabajar en el \u00faltimo d\u00eda de cobranza, hasta no tener clara su situaci\u00f3n.<\/p>\n\n\n\n<p><\/p>\n\n\n\n<p>Imagen La Prensa Austral \/ CHH.<\/p>\n","protected":false},"excerpt":{"rendered":"<p>Un grupo de operarios lleg\u00f3 hasta las dependencias del municipio de Punta Arenas, para conocer mayores detalles del termino de contrato votado el d\u00eda mi\u00e9rcoles por el concejo municipal y&#8230; <a class=\"read-more\" href=\"https:\/\/www.radiopresidenteibanez.cl\/web\/tarjeteros-llegaron-hasta-las-afueras-del-municipio-para-conocer-detalles-del-termino-de-contrato-por-parte-del-municipio\/\">Leer m\u00e1s<\/a><\/p>\n","protected":false},"author":2,"featured_media":12598,"comment_status":"closed","ping_status":"closed","sticky":false,"template":"","format":"standard","meta":{"footnotes":""},"categories":[1],"tags":[],"class_list":["post-12597","post","type-post","status-publish","format-standard","has-post-thumbnail","hentry","category-cronica"],"_links":{"self":[{"href":"https:\/\/www.radiopresidenteibanez.cl\/web\/wp-json\/wp\/v2\/posts\/12597","targetHints":{"allow":["GET"]}}],"collection":[{"href":"https:\/\/www.radiopresidenteibanez.cl\/web\/wp-json\/wp\/v2\/posts"}],"about":[{"href":"https:\/\/www.radiopresidenteibanez.cl\/web\/wp-json\/wp\/v2\/types\/post"}],"author":[{"embeddable":true,"href":"https:\/\/www.radiopresidenteibanez.cl\/web\/wp-json\/wp\/v2\/users\/2"}],"replies":[{"embeddable":true,"href":"https:\/\/www.radiopresidenteibanez.cl\/web\/wp-json\/wp\/v2\/comments?post=12597"}],"version-history":[{"count":0,"href":"https:\/\/www.radiopresidenteibanez.cl\/web\/wp-json\/wp\/v2\/posts\/12597\/revisions"}],"wp:featuredmedia":[{"embeddable":true,"href":"https:\/\/www.radiopresidenteibanez.cl\/web\/wp-json\/wp\/v2\/media\/12598"}],"wp:attachment":[{"href":"https:\/\/www.radiopresidenteibanez.cl\/web\/wp-json\/wp\/v2\/media?parent=12597"}],"wp:term":[{"taxonomy":"category","embeddable":true,"href":"https:\/\/www.radiopresidenteibanez.cl\/web\/wp-json\/wp\/v2\/categories?post=12597"},{"taxonomy":"post_tag","embeddable":true,"href":"https:\/\/www.radiopresidenteibanez.cl\/web\/wp-json\/wp\/v2\/tags?post=12597"}],"curies":[{"name":"wp","href":"https:\/\/api.w.org\/{rel}","templated":true}]}}