{"id":12595,"date":"2020-06-11T13:27:52","date_gmt":"2020-06-11T13:27:52","guid":{"rendered":"https:\/\/www.radiopresidenteibanez.cl\/web\/?p=12595"},"modified":"2020-06-11T13:27:56","modified_gmt":"2020-06-11T13:27:56","slug":"concejo-municipal-decidio-poner-termino-al-contrato-de-la-empresa-sur-romeral-por-concepto-de-cobros-de-estacionamientos","status":"publish","type":"post","link":"https:\/\/www.radiopresidenteibanez.cl\/web\/concejo-municipal-decidio-poner-termino-al-contrato-de-la-empresa-sur-romeral-por-concepto-de-cobros-de-estacionamientos\/","title":{"rendered":"CONCEJO MUNICIPAL DECIDI\u00d3 PONER TERMINO AL CONTRATO DE LA EMPRESA SUR ROMERAL POR CONCEPTO DE COBROS DE ESTACIONAMIENTOS"},"content":{"rendered":"\n<p>En una\nacalorada discusi\u00f3n el Concejo Municipal de Punta Arenas, decidi\u00f3 dar por finalizado\nel contrato a la empresa Sur Romeral por concepto de cobro de estacionamientos\nen la ciudad capital de Magallanes.<\/p>\n\n\n\n<p>La mayor\npreocupaci\u00f3n se instalo debido a que pasar\u00e1 con los 40 operarios que se\nquedar\u00e1n sin trabajo, donde las autoridades explicaron que se trabajar\u00e1 en un\nplan especial para afrontar dicha situaci\u00f3n.<\/p>\n\n\n\n<p>Cabe destacar,\nque desde este d\u00eda viernes se deber\u00eda aplicar el termino de contrato, siendo\neste d\u00eda jueves el \u00faltimo que la empresa podr\u00e1 cobrar por el aparcamiento.<\/p>\n","protected":false},"excerpt":{"rendered":"<p>En una acalorada discusi\u00f3n el Concejo Municipal de Punta Arenas, decidi\u00f3 dar por finalizado el contrato a la empresa Sur Romeral por concepto de cobro de estacionamientos en la ciudad&#8230; <a class=\"read-more\" href=\"https:\/\/www.radiopresidenteibanez.cl\/web\/concejo-municipal-decidio-poner-termino-al-contrato-de-la-empresa-sur-romeral-por-concepto-de-cobros-de-estacionamientos\/\">Leer m\u00e1s<\/a><\/p>\n","protected":false},"author":2,"featured_media":6060,"comment_status":"closed","ping_status":"closed","sticky":false,"template":"","format":"standard","meta":{"footnotes":""},"categories":[1],"tags":[],"class_list":["post-12595","post","type-post","status-publish","format-standard","has-post-thumbnail","hentry","category-cronica"],"_links":{"self":[{"href":"https:\/\/www.radiopresidenteibanez.cl\/web\/wp-json\/wp\/v2\/posts\/12595","targetHints":{"allow":["GET"]}}],"collection":[{"href":"https:\/\/www.radiopresidenteibanez.cl\/web\/wp-json\/wp\/v2\/posts"}],"about":[{"href":"https:\/\/www.radiopresidenteibanez.cl\/web\/wp-json\/wp\/v2\/types\/post"}],"author":[{"embeddable":true,"href":"https:\/\/www.radiopresidenteibanez.cl\/web\/wp-json\/wp\/v2\/users\/2"}],"replies":[{"embeddable":true,"href":"https:\/\/www.radiopresidenteibanez.cl\/web\/wp-json\/wp\/v2\/comments?post=12595"}],"version-history":[{"count":0,"href":"https:\/\/www.radiopresidenteibanez.cl\/web\/wp-json\/wp\/v2\/posts\/12595\/revisions"}],"wp:featuredmedia":[{"embeddable":true,"href":"https:\/\/www.radiopresidenteibanez.cl\/web\/wp-json\/wp\/v2\/media\/6060"}],"wp:attachment":[{"href":"https:\/\/www.radiopresidenteibanez.cl\/web\/wp-json\/wp\/v2\/media?parent=12595"}],"wp:term":[{"taxonomy":"category","embeddable":true,"href":"https:\/\/www.radiopresidenteibanez.cl\/web\/wp-json\/wp\/v2\/categories?post=12595"},{"taxonomy":"post_tag","embeddable":true,"href":"https:\/\/www.radiopresidenteibanez.cl\/web\/wp-json\/wp\/v2\/tags?post=12595"}],"curies":[{"name":"wp","href":"https:\/\/api.w.org\/{rel}","templated":true}]}}