{"id":12592,"date":"2020-06-11T13:13:16","date_gmt":"2020-06-11T13:13:16","guid":{"rendered":"https:\/\/www.radiopresidenteibanez.cl\/web\/?p=12592"},"modified":"2020-06-11T13:13:20","modified_gmt":"2020-06-11T13:13:20","slug":"seremi-de-salud-decidio-cerrar-planta-pesquera-ante-falencias-para-evitar-transmision-del-covid-19","status":"publish","type":"post","link":"https:\/\/www.radiopresidenteibanez.cl\/web\/seremi-de-salud-decidio-cerrar-planta-pesquera-ante-falencias-para-evitar-transmision-del-covid-19\/","title":{"rendered":"SEREMI DE SALUD DECIDI\u00d3 CERRAR PLANTA PESQUERA ANTE FALENCIAS PARA EVITAR TRANSMISI\u00d3N DEL COVID-19"},"content":{"rendered":"\n<p>Durante\nla jornada de ayer, hasta las dependencias de una planta pesquera ubicada en\ncalle Las Heras 505, se dirigi\u00f3 personal de Carabineros y Polic\u00eda de Investigaciones,\nquienes debieron trabajar en analizar el trabajo que se estaba realizando en su\ninterior.<\/p>\n\n\n\n<p>En la\nocasi\u00f3n luego de una solicitud de la autoridad de salud, para cerrar estas\ndependencias por posible brote de covid-19, as\u00ed tambi\u00e9n, por algunas otras falencias\npara combatir la propagaci\u00f3n del virus.<\/p>\n\n\n\n<p>En este sentido la seremi de Salud, Mariela Rojas, explic\u00f3\nque \u201cen este momento de pandemia que vivimos, es fundamental reforzar las\nmedidas preventivas para evitar contagios y, adem\u00e1s, contener este virus. Es\npor eso que como hemos repetido incansablemente, tenemos que incorporar en\nnuestra vida diaria diversas acciones preventivas y esto incluye a los\nempresarios y comerciantes. No respetar el distanciamiento en los lugares de\ntrabajo, donde las personas desarrollan labores durante muchas horas en\nespacios cerrados como las pesqueras constituye un importante riesgo. A su vez,\nel no proporcionar los elementos de protecci\u00f3n personal a sus trabajadores o no\nentregarlos en la cantidad adecuada\u201d.<\/p>\n\n\n\n<p>El encargado de la planta pesquera, H\u00e9ctor Andrade D\u00edaz, coment\u00f3 que \u201chemos implementados todas las medidas sugeridas, no tenemos en esta planta casos confirmados por coronavirus, no entendemos la medida tomada por la autoridad, justo en este tiempo cuando la pega es escasa\u201d.<\/p>\n\n\n\n<p><\/p>\n\n\n\n<p>CHH \/ imagen: CHH.<\/p>\n","protected":false},"excerpt":{"rendered":"<p>Durante la jornada de ayer, hasta las dependencias de una planta pesquera ubicada en calle Las Heras 505, se dirigi\u00f3 personal de Carabineros y Polic\u00eda de Investigaciones, quienes debieron trabajar&#8230; <a class=\"read-more\" href=\"https:\/\/www.radiopresidenteibanez.cl\/web\/seremi-de-salud-decidio-cerrar-planta-pesquera-ante-falencias-para-evitar-transmision-del-covid-19\/\">Leer m\u00e1s<\/a><\/p>\n","protected":false},"author":2,"featured_media":12593,"comment_status":"closed","ping_status":"closed","sticky":false,"template":"","format":"standard","meta":{"footnotes":""},"categories":[1],"tags":[],"class_list":["post-12592","post","type-post","status-publish","format-standard","has-post-thumbnail","hentry","category-cronica"],"_links":{"self":[{"href":"https:\/\/www.radiopresidenteibanez.cl\/web\/wp-json\/wp\/v2\/posts\/12592","targetHints":{"allow":["GET"]}}],"collection":[{"href":"https:\/\/www.radiopresidenteibanez.cl\/web\/wp-json\/wp\/v2\/posts"}],"about":[{"href":"https:\/\/www.radiopresidenteibanez.cl\/web\/wp-json\/wp\/v2\/types\/post"}],"author":[{"embeddable":true,"href":"https:\/\/www.radiopresidenteibanez.cl\/web\/wp-json\/wp\/v2\/users\/2"}],"replies":[{"embeddable":true,"href":"https:\/\/www.radiopresidenteibanez.cl\/web\/wp-json\/wp\/v2\/comments?post=12592"}],"version-history":[{"count":0,"href":"https:\/\/www.radiopresidenteibanez.cl\/web\/wp-json\/wp\/v2\/posts\/12592\/revisions"}],"wp:featuredmedia":[{"embeddable":true,"href":"https:\/\/www.radiopresidenteibanez.cl\/web\/wp-json\/wp\/v2\/media\/12593"}],"wp:attachment":[{"href":"https:\/\/www.radiopresidenteibanez.cl\/web\/wp-json\/wp\/v2\/media?parent=12592"}],"wp:term":[{"taxonomy":"category","embeddable":true,"href":"https:\/\/www.radiopresidenteibanez.cl\/web\/wp-json\/wp\/v2\/categories?post=12592"},{"taxonomy":"post_tag","embeddable":true,"href":"https:\/\/www.radiopresidenteibanez.cl\/web\/wp-json\/wp\/v2\/tags?post=12592"}],"curies":[{"name":"wp","href":"https:\/\/api.w.org\/{rel}","templated":true}]}}