{"id":12586,"date":"2020-06-11T13:00:47","date_gmt":"2020-06-11T13:00:47","guid":{"rendered":"https:\/\/www.radiopresidenteibanez.cl\/web\/?p=12586"},"modified":"2020-06-11T13:00:51","modified_gmt":"2020-06-11T13:00:51","slug":"por-alta-demanda-registro-social-de-hogares-atendera-hasta-el-19-de-junio-en-la-escuela-manuel-bulnes","status":"publish","type":"post","link":"https:\/\/www.radiopresidenteibanez.cl\/web\/por-alta-demanda-registro-social-de-hogares-atendera-hasta-el-19-de-junio-en-la-escuela-manuel-bulnes\/","title":{"rendered":"POR ALTA DEMANDA, REGISTRO SOCIAL DE HOGARES ATENDER\u00c1 HASTA EL 19 DE JUNIO EN LA ESCUELA MANUEL BULNES"},"content":{"rendered":"\n<p>Con el objetivo de dar respuesta a muchos vecinos que\nnecesitan tener actualizado el Registro Social de Hogares, y ante la alta\ndemanda que existi\u00f3 el primer d\u00eda, el alcalde de Punta Arenas, Claudio\nRadonich, anunci\u00f3 que se continuar\u00e1 atendiendo, hasta el 19 de junio, entre las\n9.30 y 13.30 horas, en la escuela Manuel Bulnes.<\/p>\n\n\n\n<p>La atenci\u00f3n, realizada por parte de los funcionarios de la\nDirecci\u00f3n de Desarrollo Comunitario del Municipio, se ha realizado con el\nobjetivo de adaptarse a la contingencia y colaborar con los vecinos,\nacomod\u00e1ndose a los espacios y funcionarios con los que se cuenta.<\/p>\n\n\n\n<p>\u201cMuchos bonos que da el Estado vienen asociados con fichas y\nun n\u00famero importante de las fichas no est\u00e1n actualizadas, sobre todo con los\ncambios de los \u00faltimos meses, donde muchos de nuestros vecinos han perdido sus\ntrabajos. Por eso es que hemos hecho un esfuerzo grande de ir adaptando nuestra\nMunicipalidad para dar respuesta a ello, pero tambi\u00e9n cumpliendo con las normas\nsanitarias\u201d, afirm\u00f3 el alcalde Radonich.<\/p>\n\n\n\n<p>Si bien en principio la atenci\u00f3n se hab\u00eda planificado para\nlos pr\u00f3ximos mi\u00e9rcoles de junio, se decidi\u00f3 realizar un cambio y mantener la\natenci\u00f3n hasta el viernes 19 del presente, para poder atender a los vecinos que\nas\u00ed lo requieran.<\/p>\n\n\n\n<p>El alcalde explic\u00f3 que el Registro Social de Hogares depende\ndel Ministerio de Desarrollo Social y existen plazos establecidos para la\nactualizaci\u00f3n de los datos.<\/p>\n\n\n\n<p>\u201cEsto no es autom\u00e1tico, porque el Sistema Nacional del\nEstado tiene muchos a\u00f1os y todos los d\u00edas 5 de cada mes se actualiza. Por lo\ntanto, si yo ingreso hoy los datos posiblemente est\u00e9n el 5 de julio reci\u00e9n\nactualizados. (\u2026) Lo que hace la Municipalidad es recibir los documentos que\nestablezcan que hay un cambio de condici\u00f3n social para que el pr\u00f3ximo mes se\npueda actualizar la Ficha\u201d, expres\u00f3 la autoridad comunal.<\/p>\n\n\n\n<p>Cabe hacer presente que los vecinos tambi\u00e9n podr\u00e1n optar a\ntr\u00e1mites que realiza el Registro Civil. \u201cLo que pretendemos es fundamentalmente\ncolaborar con la clave \u00fanica, que si bien para esta actividad no era necesaria,\ns\u00ed para muchas otras prestaciones se necesitan. Mucha gente est\u00e1 renovando su\nc\u00e9dula de identidad, tenemos la opci\u00f3n de entregar certificados y cualquier\notra informaci\u00f3n en que podamos ayudar y colaborarle a las personas que est\u00e1n\natendi\u00e9ndose en la escuela\u201d, indic\u00f3 el director del Registro Civil, Mauricio\nPe\u00f1ailillo.<\/p>\n","protected":false},"excerpt":{"rendered":"<p>Con el objetivo de dar respuesta a muchos vecinos que necesitan tener actualizado el Registro Social de Hogares, y ante la alta demanda que existi\u00f3 el primer d\u00eda, el alcalde&#8230; <a class=\"read-more\" href=\"https:\/\/www.radiopresidenteibanez.cl\/web\/por-alta-demanda-registro-social-de-hogares-atendera-hasta-el-19-de-junio-en-la-escuela-manuel-bulnes\/\">Leer m\u00e1s<\/a><\/p>\n","protected":false},"author":2,"featured_media":12587,"comment_status":"closed","ping_status":"closed","sticky":false,"template":"","format":"standard","meta":{"footnotes":""},"categories":[1],"tags":[],"class_list":["post-12586","post","type-post","status-publish","format-standard","has-post-thumbnail","hentry","category-cronica"],"_links":{"self":[{"href":"https:\/\/www.radiopresidenteibanez.cl\/web\/wp-json\/wp\/v2\/posts\/12586","targetHints":{"allow":["GET"]}}],"collection":[{"href":"https:\/\/www.radiopresidenteibanez.cl\/web\/wp-json\/wp\/v2\/posts"}],"about":[{"href":"https:\/\/www.radiopresidenteibanez.cl\/web\/wp-json\/wp\/v2\/types\/post"}],"author":[{"embeddable":true,"href":"https:\/\/www.radiopresidenteibanez.cl\/web\/wp-json\/wp\/v2\/users\/2"}],"replies":[{"embeddable":true,"href":"https:\/\/www.radiopresidenteibanez.cl\/web\/wp-json\/wp\/v2\/comments?post=12586"}],"version-history":[{"count":0,"href":"https:\/\/www.radiopresidenteibanez.cl\/web\/wp-json\/wp\/v2\/posts\/12586\/revisions"}],"wp:featuredmedia":[{"embeddable":true,"href":"https:\/\/www.radiopresidenteibanez.cl\/web\/wp-json\/wp\/v2\/media\/12587"}],"wp:attachment":[{"href":"https:\/\/www.radiopresidenteibanez.cl\/web\/wp-json\/wp\/v2\/media?parent=12586"}],"wp:term":[{"taxonomy":"category","embeddable":true,"href":"https:\/\/www.radiopresidenteibanez.cl\/web\/wp-json\/wp\/v2\/categories?post=12586"},{"taxonomy":"post_tag","embeddable":true,"href":"https:\/\/www.radiopresidenteibanez.cl\/web\/wp-json\/wp\/v2\/tags?post=12586"}],"curies":[{"name":"wp","href":"https:\/\/api.w.org\/{rel}","templated":true}]}}