{"id":12576,"date":"2020-06-10T16:42:15","date_gmt":"2020-06-10T16:42:15","guid":{"rendered":"https:\/\/www.radiopresidenteibanez.cl\/web\/?p=12576"},"modified":"2020-06-10T16:42:19","modified_gmt":"2020-06-10T16:42:19","slug":"consejeros-regionales-se-reunen-con-jefes-de-divisiones-del-gore-magallanes-para-analizar-propuesta-del-marco-presupuestario-2021","status":"publish","type":"post","link":"https:\/\/www.radiopresidenteibanez.cl\/web\/consejeros-regionales-se-reunen-con-jefes-de-divisiones-del-gore-magallanes-para-analizar-propuesta-del-marco-presupuestario-2021\/","title":{"rendered":"CONSEJEROS REGIONALES SE RE\u00daNEN CON JEFES DE DIVISIONES DEL GORE MAGALLANES PARA ANALIZAR PROPUESTA DEL MARCO PRESUPUESTARIO 2021"},"content":{"rendered":"\n<p>El Consejo Regional a trav\u00e9s\nde la comisi\u00f3n Presupuesto y Fomento, se encuentra desarrollando un ciclo de\nreuniones por medio de videoconferencia junto a los jefes de las divisiones del\nGobierno Regional a fin de analizar la propuesta del Marco Presupuestario del\nGORE Magallanes a\u00f1o 2021, la cual&nbsp; ser\u00e1\nsancionada este jueves en Sesi\u00f3n Plenaria.<\/p>\n\n\n\n<p>En la jornada del d\u00eda lunes, correspondi\u00f3\nel an\u00e1lisis del Programas 01 referido a los Gastos de Funcionamiento del\nGobierno Regional cuya presentaci\u00f3n estuvo cargo del jefe de la Divisi\u00f3n de Administraci\u00f3n\ny Finanzas (DAF), H\u00e9ctor Milovic acompa\u00f1ado por el profesional, Javier\nNahuelquen. El d\u00eda&nbsp; martes se trabaj\u00f3 en\nla presentaci\u00f3n del marco presupuestario del Programa 02 &#8211; Fondo Nacional de\nDesarrollo Regional (FNDR) a cargo del jefe de la Divisi\u00f3n de Presupuesto e Inversi\u00f3n\nRegional (DIPIR), &nbsp;Iv\u00e1n Ulloa.&nbsp; El&nbsp;\nmi\u00e9rcoles se analizar\u00e1 el Programa 03 &#8211; Fondo de Desarrollo de\nMagallanes (FONDEMA) concluyendo el jueves con la revisi\u00f3n final de todos los programas.<\/p>\n\n\n\n<p>Seg\u00fan coment\u00f3 el presidente de\nla comisi\u00f3n Presupuesto del CORE, Ram\u00f3n Lobos, \u201cel trabajo del consejo regional\nen estos d\u00edas esta avocado a conocer todos los alcances que tiene la ejecuci\u00f3n de\nlos programas 01, 02 y 03 y para ello hemos convocado a las distintas divisiones\na fin de conocer como viene la mano para la billetera de la regi\u00f3n. La idea es\nhacer un an\u00e1lisis m\u00e1s completo y fidedigno para que podamos tener una ejecuci\u00f3n\nque favorezca el desarrollo de Magallanes, es necesario saber lo que podremos\nhacer y cu\u00e1nto hay de financiamiento en un escenario en que todo est\u00e1 por\nverse. Debemos estar pendientes de lo que estamos ejecutando y en como\nfocalizar los recursos que van a ir llegando tanto este a\u00f1o como planificando\nel 2021\u201d, reiter\u00f3 el consejero Lobos.<\/p>\n\n\n\n<p>Por su parte el vice presidente\nde la comisi\u00f3n, &nbsp;Antonio Bradasic, &nbsp;se\u00f1al\u00f3 \u201cestamos viendo el presupuesto del Gobierno\nRegional para el a\u00f1o 2021 y seg\u00fan se nos ha informado, con las obras ya\ncomprometidas se aspira a tener un gasto estimativo de ochenta mil millones de\npesos, que ser\u00eda lo mismo del a\u00f1o 2020. Esperamos que este trabajo junto a los jefes\nde divisiones tenga buenos resultados a fin de que, en el dif\u00edcil contexto que\nestamos viviendo, se logre mantener o aumentar el presupuesto en la discusi\u00f3n\npresupuestaria nacional\u201d, concluy\u00f3 Bradasic. <\/p>\n","protected":false},"excerpt":{"rendered":"<p>El Consejo Regional a trav\u00e9s de la comisi\u00f3n Presupuesto y Fomento, se encuentra desarrollando un ciclo de reuniones por medio de videoconferencia junto a los jefes de las divisiones del&#8230; <a class=\"read-more\" href=\"https:\/\/www.radiopresidenteibanez.cl\/web\/consejeros-regionales-se-reunen-con-jefes-de-divisiones-del-gore-magallanes-para-analizar-propuesta-del-marco-presupuestario-2021\/\">Leer m\u00e1s<\/a><\/p>\n","protected":false},"author":2,"featured_media":12577,"comment_status":"closed","ping_status":"closed","sticky":false,"template":"","format":"standard","meta":{"footnotes":""},"categories":[1],"tags":[],"class_list":["post-12576","post","type-post","status-publish","format-standard","has-post-thumbnail","hentry","category-cronica"],"_links":{"self":[{"href":"https:\/\/www.radiopresidenteibanez.cl\/web\/wp-json\/wp\/v2\/posts\/12576","targetHints":{"allow":["GET"]}}],"collection":[{"href":"https:\/\/www.radiopresidenteibanez.cl\/web\/wp-json\/wp\/v2\/posts"}],"about":[{"href":"https:\/\/www.radiopresidenteibanez.cl\/web\/wp-json\/wp\/v2\/types\/post"}],"author":[{"embeddable":true,"href":"https:\/\/www.radiopresidenteibanez.cl\/web\/wp-json\/wp\/v2\/users\/2"}],"replies":[{"embeddable":true,"href":"https:\/\/www.radiopresidenteibanez.cl\/web\/wp-json\/wp\/v2\/comments?post=12576"}],"version-history":[{"count":0,"href":"https:\/\/www.radiopresidenteibanez.cl\/web\/wp-json\/wp\/v2\/posts\/12576\/revisions"}],"wp:featuredmedia":[{"embeddable":true,"href":"https:\/\/www.radiopresidenteibanez.cl\/web\/wp-json\/wp\/v2\/media\/12577"}],"wp:attachment":[{"href":"https:\/\/www.radiopresidenteibanez.cl\/web\/wp-json\/wp\/v2\/media?parent=12576"}],"wp:term":[{"taxonomy":"category","embeddable":true,"href":"https:\/\/www.radiopresidenteibanez.cl\/web\/wp-json\/wp\/v2\/categories?post=12576"},{"taxonomy":"post_tag","embeddable":true,"href":"https:\/\/www.radiopresidenteibanez.cl\/web\/wp-json\/wp\/v2\/tags?post=12576"}],"curies":[{"name":"wp","href":"https:\/\/api.w.org\/{rel}","templated":true}]}}