{"id":12573,"date":"2020-06-10T16:38:51","date_gmt":"2020-06-10T16:38:51","guid":{"rendered":"https:\/\/www.radiopresidenteibanez.cl\/web\/?p=12573"},"modified":"2020-06-10T16:38:55","modified_gmt":"2020-06-10T16:38:55","slug":"seremi-de-gobierno-destaca-prorroga-a-vigencia-de-los-directorios-de-juntas-de-vecinos-y-demas-organizaciones-comunitarias","status":"publish","type":"post","link":"https:\/\/www.radiopresidenteibanez.cl\/web\/seremi-de-gobierno-destaca-prorroga-a-vigencia-de-los-directorios-de-juntas-de-vecinos-y-demas-organizaciones-comunitarias\/","title":{"rendered":"SEREMI DE GOBIERNO DESTACA PR\u00d3RROGA A VIGENCIA DE LOS DIRECTORIOS  DE JUNTAS DE VECINOS Y DEM\u00c1S ORGANIZACIONES COMUNITARIAS"},"content":{"rendered":"\n<p>Prorrogar el mandato\nde los directorios de las juntas de vecinos y dem\u00e1s organizaciones comunitarias\nproducto de la pandemia por el Covid-19, fue un objetivo para el gobierno del\nPresidente Sebasti\u00e1n Pi\u00f1era, lo que se concret\u00f3 gracias a un trabajo conjunto\ncon ambas c\u00e1maras.<\/p>\n\n\n\n<p>Este martes, se\naprob\u00f3 y despach\u00f3 desde el Congreso, para ser promulgado y publicado, el\nProyecto de Ley que permitir\u00e1 prorrogar el mandato para todos los directorios\ncuya vigencia haya vencido tres meses anteriores a la declaraci\u00f3n del estado de\nexcepci\u00f3n constitucional de cat\u00e1strofe, por calamidad p\u00fablica.<\/p>\n\n\n\n<p>Sobre este tema, la\nseremi de Gobierno, Alejandra Mu\u00f1oz, manifest\u00f3 que \u201cconocemos el trabajo que\ncon mucha voluntad y compromiso realizan los dirigentes por sus organizaciones\nsociales, y sus vecinos y vecinas, por eso valoramos que puedan tener este\nalivio en cuanto a los tr\u00e1mites que deben realizar para la vigencia de sus\ndirectivas. La situaci\u00f3n que vivimos debido a la pandemia es compleja, y la\nidea es justamente que no se expongan\u201d.<\/p>\n\n\n\n<p>Adem\u00e1s, la vocera\ndel Gobierno Regional a\u00f1adi\u00f3 que \u201cesto les da la posibilidad de, por ejemplo,\npostular a proyectos y recibir beneficios del Estado para el fortalecimiento de\nsus organizaciones\u201d.<\/p>\n\n\n\n<p>Es importante se\u00f1alar que para que una organizaci\u00f3n\npueda optar a la pr\u00f3rroga de la vigencia debe haber cumplido el per\u00edodo para el\nque fueron elegidos.<\/p>\n\n\n\n<p>Por otro lado, se extender\u00e1 la vigencia de los\ndirectorios a todas aquellas organizaciones cuyo mandato haya vencido dentro\ndel tiempo de 90 d\u00edas posteriores al t\u00e9rmino del estado de cat\u00e1strofe\ndeclarado, inclusive si este se extiende.<\/p>\n\n\n\n<p>Finalmente, la seremi Mu\u00f1oz, indic\u00f3 que la pr\u00f3rroga\ndispuesta no tendr\u00e1 aplicaci\u00f3n en aquellos casos en que las organizaciones mencionadas\nya hubiesen elegido nuevos dirigentes durante el tiempo de estado de cat\u00e1strofe.<\/p>\n","protected":false},"excerpt":{"rendered":"<p>Prorrogar el mandato de los directorios de las juntas de vecinos y dem\u00e1s organizaciones comunitarias producto de la pandemia por el Covid-19, fue un objetivo para el gobierno del Presidente&#8230; <a class=\"read-more\" href=\"https:\/\/www.radiopresidenteibanez.cl\/web\/seremi-de-gobierno-destaca-prorroga-a-vigencia-de-los-directorios-de-juntas-de-vecinos-y-demas-organizaciones-comunitarias\/\">Leer m\u00e1s<\/a><\/p>\n","protected":false},"author":2,"featured_media":12574,"comment_status":"closed","ping_status":"closed","sticky":false,"template":"","format":"standard","meta":{"footnotes":""},"categories":[1],"tags":[],"class_list":["post-12573","post","type-post","status-publish","format-standard","has-post-thumbnail","hentry","category-cronica"],"_links":{"self":[{"href":"https:\/\/www.radiopresidenteibanez.cl\/web\/wp-json\/wp\/v2\/posts\/12573","targetHints":{"allow":["GET"]}}],"collection":[{"href":"https:\/\/www.radiopresidenteibanez.cl\/web\/wp-json\/wp\/v2\/posts"}],"about":[{"href":"https:\/\/www.radiopresidenteibanez.cl\/web\/wp-json\/wp\/v2\/types\/post"}],"author":[{"embeddable":true,"href":"https:\/\/www.radiopresidenteibanez.cl\/web\/wp-json\/wp\/v2\/users\/2"}],"replies":[{"embeddable":true,"href":"https:\/\/www.radiopresidenteibanez.cl\/web\/wp-json\/wp\/v2\/comments?post=12573"}],"version-history":[{"count":0,"href":"https:\/\/www.radiopresidenteibanez.cl\/web\/wp-json\/wp\/v2\/posts\/12573\/revisions"}],"wp:featuredmedia":[{"embeddable":true,"href":"https:\/\/www.radiopresidenteibanez.cl\/web\/wp-json\/wp\/v2\/media\/12574"}],"wp:attachment":[{"href":"https:\/\/www.radiopresidenteibanez.cl\/web\/wp-json\/wp\/v2\/media?parent=12573"}],"wp:term":[{"taxonomy":"category","embeddable":true,"href":"https:\/\/www.radiopresidenteibanez.cl\/web\/wp-json\/wp\/v2\/categories?post=12573"},{"taxonomy":"post_tag","embeddable":true,"href":"https:\/\/www.radiopresidenteibanez.cl\/web\/wp-json\/wp\/v2\/tags?post=12573"}],"curies":[{"name":"wp","href":"https:\/\/api.w.org\/{rel}","templated":true}]}}