{"id":12568,"date":"2020-06-10T14:45:36","date_gmt":"2020-06-10T14:45:36","guid":{"rendered":"https:\/\/www.radiopresidenteibanez.cl\/web\/?p=12568"},"modified":"2020-06-10T14:45:39","modified_gmt":"2020-06-10T14:45:39","slug":"sabemos-que-la-empresa-concesionaria-de-estacionamiento-no-esta-cumpliendo-con-el-contrato-y-se-debe-ver-hoy-que-pasara-con-ellos-expreso-claudio-radonich-alcalde-de-punta-arenas","status":"publish","type":"post","link":"https:\/\/www.radiopresidenteibanez.cl\/web\/sabemos-que-la-empresa-concesionaria-de-estacionamiento-no-esta-cumpliendo-con-el-contrato-y-se-debe-ver-hoy-que-pasara-con-ellos-expreso-claudio-radonich-alcalde-de-punta-arenas\/","title":{"rendered":"\u201cSABEMOS QUE LA EMPRESA CONCESIONARIA DE ESTACIONAMIENTO NO ESTA CUMPLIENDO CON EL CONTRATO Y SE DEBE VER HOY QUE PASAR\u00c1 CON ELLOS\u201d EXPRES\u00d3 CLAUDIO RADONICH ALCALDE DE PUNTA ARENAS"},"content":{"rendered":"\n<p>Hoy se realizar\u00e1 una nueva sesi\u00f3n del concejo municipal de\nPunta Arenas, en la ocasi\u00f3n se analizar\u00e1 la situaci\u00f3n de la empresa Sur Romeral\nencargada de la licitaci\u00f3n de los estacionamientos de la ciudad capital de\nMagallanes.<\/p>\n\n\n\n<p>En la ocasi\u00f3n el alcalde Radonich, expres\u00f3 que \u201cla empresa\nno ha cumplido con los trabajadores ni el municipio, es por esto que debemos\nanalizar r\u00e1pidamente que pasar\u00e1 con el contrato, ac\u00e1 los \u00fanicos que est\u00e1n ganando\nson ellos\u2026la empresa\u201d.<\/p>\n\n\n\n<p>Por su parte la concejala de Punta Arenas, Ver\u00f3nica Aguilar,\ncoment\u00f3 que \u201caparte de ver el contrato debemos ver que pasar\u00e1 con los trabajadores\nellos sin duda ser\u00e1n los m\u00e1s afectados\u201d.<\/p>\n\n\n\n<p>Hoy mi\u00e9rcoles, 10 de junio, se realizar\u00e1 una nueva sesi\u00f3n del concejo que ser\u00e1 transmitido por Facebook: Municipio Punta Arenas.<\/p>\n\n\n\n<p><\/p>\n\n\n\n<p>CHH.<\/p>\n","protected":false},"excerpt":{"rendered":"<p>Hoy se realizar\u00e1 una nueva sesi\u00f3n del concejo municipal de Punta Arenas, en la ocasi\u00f3n se analizar\u00e1 la situaci\u00f3n de la empresa Sur Romeral encargada de la licitaci\u00f3n de los&#8230; <a class=\"read-more\" href=\"https:\/\/www.radiopresidenteibanez.cl\/web\/sabemos-que-la-empresa-concesionaria-de-estacionamiento-no-esta-cumpliendo-con-el-contrato-y-se-debe-ver-hoy-que-pasara-con-ellos-expreso-claudio-radonich-alcalde-de-punta-arenas\/\">Leer m\u00e1s<\/a><\/p>\n","protected":false},"author":2,"featured_media":6060,"comment_status":"closed","ping_status":"closed","sticky":false,"template":"","format":"standard","meta":{"footnotes":""},"categories":[1],"tags":[],"class_list":["post-12568","post","type-post","status-publish","format-standard","has-post-thumbnail","hentry","category-cronica"],"_links":{"self":[{"href":"https:\/\/www.radiopresidenteibanez.cl\/web\/wp-json\/wp\/v2\/posts\/12568","targetHints":{"allow":["GET"]}}],"collection":[{"href":"https:\/\/www.radiopresidenteibanez.cl\/web\/wp-json\/wp\/v2\/posts"}],"about":[{"href":"https:\/\/www.radiopresidenteibanez.cl\/web\/wp-json\/wp\/v2\/types\/post"}],"author":[{"embeddable":true,"href":"https:\/\/www.radiopresidenteibanez.cl\/web\/wp-json\/wp\/v2\/users\/2"}],"replies":[{"embeddable":true,"href":"https:\/\/www.radiopresidenteibanez.cl\/web\/wp-json\/wp\/v2\/comments?post=12568"}],"version-history":[{"count":0,"href":"https:\/\/www.radiopresidenteibanez.cl\/web\/wp-json\/wp\/v2\/posts\/12568\/revisions"}],"wp:featuredmedia":[{"embeddable":true,"href":"https:\/\/www.radiopresidenteibanez.cl\/web\/wp-json\/wp\/v2\/media\/6060"}],"wp:attachment":[{"href":"https:\/\/www.radiopresidenteibanez.cl\/web\/wp-json\/wp\/v2\/media?parent=12568"}],"wp:term":[{"taxonomy":"category","embeddable":true,"href":"https:\/\/www.radiopresidenteibanez.cl\/web\/wp-json\/wp\/v2\/categories?post=12568"},{"taxonomy":"post_tag","embeddable":true,"href":"https:\/\/www.radiopresidenteibanez.cl\/web\/wp-json\/wp\/v2\/tags?post=12568"}],"curies":[{"name":"wp","href":"https:\/\/api.w.org\/{rel}","templated":true}]}}