{"id":12566,"date":"2020-06-10T14:43:36","date_gmt":"2020-06-10T14:43:36","guid":{"rendered":"https:\/\/www.radiopresidenteibanez.cl\/web\/?p=12566"},"modified":"2020-06-10T14:46:28","modified_gmt":"2020-06-10T14:46:28","slug":"alcalde-claudio-radonich-explico-que-15-toneladas-de-sal-se-esparcieron-en-las-ultimas-horas-en-punta-arenas","status":"publish","type":"post","link":"https:\/\/www.radiopresidenteibanez.cl\/web\/alcalde-claudio-radonich-explico-que-15-toneladas-de-sal-se-esparcieron-en-las-ultimas-horas-en-punta-arenas\/","title":{"rendered":"ALCALDE CLAUDIO RADONICH EXPLIC\u00d3 QUE \u201c15 TONELADAS DE SAL SE ESPARCIERON EN LAS \u00daLTIMAS HORAS EN PUNTA ARENAS\u201d"},"content":{"rendered":"\n<p>Durante horas de esta ma\u00f1ana, el alcalde de Punta Arenas, Claudio\nRadonich, junto al Jefe de Operaciones, Sergio Becerra, entreg\u00f3 detalles de la\ncantidad de sal con la que cuenta el municipio local para enfrentar el\ninvierno.<\/p>\n\n\n\n<p>En la ocasi\u00f3n la m\u00e1xima autoridad local, expres\u00f3 que \u201cse han\nesparcido 15 toneladas de sal en las \u00faltimas horas debido a las heladas que se\nhan producido durante la noche y que conllevo un nivel de escarcha mayor al a\u00f1o\n2019\u201d.<\/p>\n\n\n\n<p>En la ocasi\u00f3n Sergio Becerra, explic\u00f3 que durante la jornada tambi\u00e9n se esparcir\u00e1 sal en sectores rurales donde vecinos han dado a conocer su malestar por el estado de los caminos, sumado al nivel de escarcha. <\/p>\n\n\n\n<p><\/p>\n\n\n\n<p>CHH.<\/p>\n","protected":false},"excerpt":{"rendered":"<p>Durante horas de esta ma\u00f1ana, el alcalde de Punta Arenas, Claudio Radonich, junto al Jefe de Operaciones, Sergio Becerra, entreg\u00f3 detalles de la cantidad de sal con la que cuenta&#8230; <a class=\"read-more\" href=\"https:\/\/www.radiopresidenteibanez.cl\/web\/alcalde-claudio-radonich-explico-que-15-toneladas-de-sal-se-esparcieron-en-las-ultimas-horas-en-punta-arenas\/\">Leer m\u00e1s<\/a><\/p>\n","protected":false},"author":2,"featured_media":740,"comment_status":"closed","ping_status":"closed","sticky":false,"template":"","format":"standard","meta":{"footnotes":""},"categories":[1],"tags":[],"class_list":["post-12566","post","type-post","status-publish","format-standard","has-post-thumbnail","hentry","category-cronica"],"_links":{"self":[{"href":"https:\/\/www.radiopresidenteibanez.cl\/web\/wp-json\/wp\/v2\/posts\/12566","targetHints":{"allow":["GET"]}}],"collection":[{"href":"https:\/\/www.radiopresidenteibanez.cl\/web\/wp-json\/wp\/v2\/posts"}],"about":[{"href":"https:\/\/www.radiopresidenteibanez.cl\/web\/wp-json\/wp\/v2\/types\/post"}],"author":[{"embeddable":true,"href":"https:\/\/www.radiopresidenteibanez.cl\/web\/wp-json\/wp\/v2\/users\/2"}],"replies":[{"embeddable":true,"href":"https:\/\/www.radiopresidenteibanez.cl\/web\/wp-json\/wp\/v2\/comments?post=12566"}],"version-history":[{"count":0,"href":"https:\/\/www.radiopresidenteibanez.cl\/web\/wp-json\/wp\/v2\/posts\/12566\/revisions"}],"wp:featuredmedia":[{"embeddable":true,"href":"https:\/\/www.radiopresidenteibanez.cl\/web\/wp-json\/wp\/v2\/media\/740"}],"wp:attachment":[{"href":"https:\/\/www.radiopresidenteibanez.cl\/web\/wp-json\/wp\/v2\/media?parent=12566"}],"wp:term":[{"taxonomy":"category","embeddable":true,"href":"https:\/\/www.radiopresidenteibanez.cl\/web\/wp-json\/wp\/v2\/categories?post=12566"},{"taxonomy":"post_tag","embeddable":true,"href":"https:\/\/www.radiopresidenteibanez.cl\/web\/wp-json\/wp\/v2\/tags?post=12566"}],"curies":[{"name":"wp","href":"https:\/\/api.w.org\/{rel}","templated":true}]}}