{"id":12564,"date":"2020-06-10T13:55:14","date_gmt":"2020-06-10T13:55:14","guid":{"rendered":"https:\/\/www.radiopresidenteibanez.cl\/web\/?p=12564"},"modified":"2020-06-10T13:55:18","modified_gmt":"2020-06-10T13:55:18","slug":"diputada-amar-destaca-proyecto-de-roaming-y-aboga-por-aprovechamiento-de-fibra-optica","status":"publish","type":"post","link":"https:\/\/www.radiopresidenteibanez.cl\/web\/diputada-amar-destaca-proyecto-de-roaming-y-aboga-por-aprovechamiento-de-fibra-optica\/","title":{"rendered":"DIPUTADA AMAR DESTACA PROYECTO DE ROAMING Y ABOGA POR APROVECHAMIENTO DE FIBRA \u00d3PTICA"},"content":{"rendered":"\n<p>La diputada magall\u00e1nica Sandra Amar\ndestac\u00f3 la aprobaci\u00f3n del proyecto de roaming autom\u00e1tico y, adem\u00e1s, abog\u00f3 por\nla utilizaci\u00f3n de la fibra \u00f3ptica en Magallanes.<\/p>\n\n\n\n<p>La parlamentaria dijo que ambos\ntemas son de gran relevancia para la conectividad de nuestra regi\u00f3n y que\nconstituyen un paso adelante y sustancial para el desarrollo en materia de\ncomunicaciones y servicios de diversa \u00edndole.<\/p>\n\n\n\n<p>Del roaming, sostuvo que la\niniciativa permitir\u00e1 que se facilite<\/p>\n\n\n\n<p>el acceso al servicio de\ntelecomunicaciones, tanto de voz como en mensajer\u00eda de datos e internet, a\ntodos quienes cuentan con una deficiente conexi\u00f3n de telecomunicaciones. <\/p>\n\n\n\n<p>\u00abM\u00e1s de 500 mil personas se\nver\u00e1n beneficiadas y aqu\u00ed en Magallanes un n\u00famero importante de vecinos de\nlocalidades como Cerro Sombrero, Cerro Castillo y Villa Tehuelches, quienes\nperd\u00edan conexi\u00f3n en determinados sectores\u00bb, resalt\u00f3.<\/p>\n\n\n\n<p>Por otra parte, la diputada enfatiz\u00f3\nen la necesidad de que las compa\u00f1\u00edas de telecomunicaciones puedan aprovechar la\nrecientemente incorporada fibra \u00f3ptica en Magallanes, de manera de optimizar\nsus servicios y brindar una mejor calidad a sus usuarios.<\/p>\n\n\n\n<p>\u00abLa implementaci\u00f3n y puesta en\nmarcha han sido una preocupaci\u00f3n constante, que nos llev\u00f3 en su momento a tomar\ncontacto con la subsecretaria para agilizar y acotar los tiempos de\ntramitaci\u00f3n. Ahora, s\u00f3lo resta esperar que las compa\u00f1\u00edas utilicen esta\nherramienta de manera que se vea reflejada en la calidad del servicio que llega\na los usuarios magall\u00e1nicos\u201d, sostuvo la diputada magall\u00e1nica. <\/p>\n","protected":false},"excerpt":{"rendered":"<p>La diputada magall\u00e1nica Sandra Amar destac\u00f3 la aprobaci\u00f3n del proyecto de roaming autom\u00e1tico y, adem\u00e1s, abog\u00f3 por la utilizaci\u00f3n de la fibra \u00f3ptica en Magallanes. La parlamentaria dijo que ambos&#8230; <a class=\"read-more\" href=\"https:\/\/www.radiopresidenteibanez.cl\/web\/diputada-amar-destaca-proyecto-de-roaming-y-aboga-por-aprovechamiento-de-fibra-optica\/\">Leer m\u00e1s<\/a><\/p>\n","protected":false},"author":2,"featured_media":12256,"comment_status":"closed","ping_status":"closed","sticky":false,"template":"","format":"standard","meta":{"footnotes":""},"categories":[1],"tags":[],"class_list":["post-12564","post","type-post","status-publish","format-standard","has-post-thumbnail","hentry","category-cronica"],"_links":{"self":[{"href":"https:\/\/www.radiopresidenteibanez.cl\/web\/wp-json\/wp\/v2\/posts\/12564","targetHints":{"allow":["GET"]}}],"collection":[{"href":"https:\/\/www.radiopresidenteibanez.cl\/web\/wp-json\/wp\/v2\/posts"}],"about":[{"href":"https:\/\/www.radiopresidenteibanez.cl\/web\/wp-json\/wp\/v2\/types\/post"}],"author":[{"embeddable":true,"href":"https:\/\/www.radiopresidenteibanez.cl\/web\/wp-json\/wp\/v2\/users\/2"}],"replies":[{"embeddable":true,"href":"https:\/\/www.radiopresidenteibanez.cl\/web\/wp-json\/wp\/v2\/comments?post=12564"}],"version-history":[{"count":0,"href":"https:\/\/www.radiopresidenteibanez.cl\/web\/wp-json\/wp\/v2\/posts\/12564\/revisions"}],"wp:featuredmedia":[{"embeddable":true,"href":"https:\/\/www.radiopresidenteibanez.cl\/web\/wp-json\/wp\/v2\/media\/12256"}],"wp:attachment":[{"href":"https:\/\/www.radiopresidenteibanez.cl\/web\/wp-json\/wp\/v2\/media?parent=12564"}],"wp:term":[{"taxonomy":"category","embeddable":true,"href":"https:\/\/www.radiopresidenteibanez.cl\/web\/wp-json\/wp\/v2\/categories?post=12564"},{"taxonomy":"post_tag","embeddable":true,"href":"https:\/\/www.radiopresidenteibanez.cl\/web\/wp-json\/wp\/v2\/tags?post=12564"}],"curies":[{"name":"wp","href":"https:\/\/api.w.org\/{rel}","templated":true}]}}