{"id":12558,"date":"2020-06-10T13:48:54","date_gmt":"2020-06-10T13:48:54","guid":{"rendered":"https:\/\/www.radiopresidenteibanez.cl\/web\/?p=12558"},"modified":"2020-06-10T13:48:57","modified_gmt":"2020-06-10T13:48:57","slug":"hospital-de-natales-recibe-primera-entrega-de-equipamientos-e-insumos-covid-19","status":"publish","type":"post","link":"https:\/\/www.radiopresidenteibanez.cl\/web\/hospital-de-natales-recibe-primera-entrega-de-equipamientos-e-insumos-covid-19\/","title":{"rendered":"HOSPITAL DE NATALES RECIBE PRIMERA ENTREGA DE EQUIPAMIENTOS E INSUMOS COVID-19"},"content":{"rendered":"\n<p>Junto a la presencia de la Consejera\nRegional Yammy Warner y del Director (s) Dr. Darwin Letelier, se recepcionaron variados\nequipamientos e insumos para el hospital natalino, los cuales vienen para\nabarcar las necesidades del recinto de salud en consecuencia de la presencia\ndel COVID-19.<\/p>\n\n\n\n<p>\u201cComo representante del Consejo Regional\nestoy muy contenta de hacerme parte, de parte de la recepci\u00f3n del equipamiento\ny elementos de protecci\u00f3n personal que van a hacer entregados al Hospital de Natales.\nHoy d\u00eda se han entregado aproximadamente 25 de los 3mil 211 millones de pesos,\nque se entregaron para poder proveer a los Hospitales de la Regi\u00f3n\u201d. Expres\u00f3 la\nConsejera Regional, agregando que: \u201cSolo decir que este gran trabajo que\nrealizamos al interior del Consejo Regional, se est\u00e1 materializando con esta\nentrega\u201d.<\/p>\n\n\n\n<p>Por su parte el Director del Hospital de\nNatales agradeci\u00f3 la preocupaci\u00f3n y apoyo en recursos humano, como de\nequipamiento por parte del CORE y del Servicio de Salud Magallanes.&nbsp; \u201cEstamos haciendo recepci\u00f3n de parte del\nequipamiento que se tramit\u00f3 entre el Servicio de Salud y el Gobierno Regional,\nequipos absolutamente nuevos y que nos vienen a apoyar en esta situaci\u00f3n de\npandemia\u201d se\u00f1al\u00f3.<\/p>\n\n\n\n<p>El Hospital de Natales sum\u00f3 monitores de\nmediana complejidad, de signos vitales, concentradores de ox\u00edgeno, entre otros,\ntodo gracias al proyecto Adquisici\u00f3n de Equipamientos\ne Insumos COVID-19 Servicio de Salud de Magallanes, el que consider\u00f3 una\ninversi\u00f3n total de m\u00e1s de 3.200 millones de pesos, involucrando la adquisici\u00f3n\nde equipos y elementos de protecci\u00f3n personal para la Red Asistencial, proyecto\naprobado por el Consejo Regional de Magallanes y de la Ant\u00e1rtica Chilena.<\/p>\n","protected":false},"excerpt":{"rendered":"<p>Junto a la presencia de la Consejera Regional Yammy Warner y del Director (s) Dr. Darwin Letelier, se recepcionaron variados equipamientos e insumos para el hospital natalino, los cuales vienen&#8230; <a class=\"read-more\" href=\"https:\/\/www.radiopresidenteibanez.cl\/web\/hospital-de-natales-recibe-primera-entrega-de-equipamientos-e-insumos-covid-19\/\">Leer m\u00e1s<\/a><\/p>\n","protected":false},"author":2,"featured_media":12559,"comment_status":"closed","ping_status":"closed","sticky":false,"template":"","format":"standard","meta":{"footnotes":""},"categories":[1],"tags":[],"class_list":["post-12558","post","type-post","status-publish","format-standard","has-post-thumbnail","hentry","category-cronica"],"_links":{"self":[{"href":"https:\/\/www.radiopresidenteibanez.cl\/web\/wp-json\/wp\/v2\/posts\/12558","targetHints":{"allow":["GET"]}}],"collection":[{"href":"https:\/\/www.radiopresidenteibanez.cl\/web\/wp-json\/wp\/v2\/posts"}],"about":[{"href":"https:\/\/www.radiopresidenteibanez.cl\/web\/wp-json\/wp\/v2\/types\/post"}],"author":[{"embeddable":true,"href":"https:\/\/www.radiopresidenteibanez.cl\/web\/wp-json\/wp\/v2\/users\/2"}],"replies":[{"embeddable":true,"href":"https:\/\/www.radiopresidenteibanez.cl\/web\/wp-json\/wp\/v2\/comments?post=12558"}],"version-history":[{"count":0,"href":"https:\/\/www.radiopresidenteibanez.cl\/web\/wp-json\/wp\/v2\/posts\/12558\/revisions"}],"wp:featuredmedia":[{"embeddable":true,"href":"https:\/\/www.radiopresidenteibanez.cl\/web\/wp-json\/wp\/v2\/media\/12559"}],"wp:attachment":[{"href":"https:\/\/www.radiopresidenteibanez.cl\/web\/wp-json\/wp\/v2\/media?parent=12558"}],"wp:term":[{"taxonomy":"category","embeddable":true,"href":"https:\/\/www.radiopresidenteibanez.cl\/web\/wp-json\/wp\/v2\/categories?post=12558"},{"taxonomy":"post_tag","embeddable":true,"href":"https:\/\/www.radiopresidenteibanez.cl\/web\/wp-json\/wp\/v2\/tags?post=12558"}],"curies":[{"name":"wp","href":"https:\/\/api.w.org\/{rel}","templated":true}]}}