{"id":12556,"date":"2020-06-10T13:46:05","date_gmt":"2020-06-10T13:46:05","guid":{"rendered":"https:\/\/www.radiopresidenteibanez.cl\/web\/?p=12556"},"modified":"2020-06-10T13:46:22","modified_gmt":"2020-06-10T13:46:22","slug":"senador-de-magallanes-carlos-bianchi-presento-proyecto-de-reforma-a-la-constitucion-que-establece-retiros-de-dineros-desde-fondo-de-pensiones","status":"publish","type":"post","link":"https:\/\/www.radiopresidenteibanez.cl\/web\/senador-de-magallanes-carlos-bianchi-presento-proyecto-de-reforma-a-la-constitucion-que-establece-retiros-de-dineros-desde-fondo-de-pensiones\/","title":{"rendered":"SENADOR DE MAGALLANES CARLOS BIANCHI PRESENT\u00d3 PROYECTO DE REFORMA A LA CONSTITUCI\u00d3N QUE ESTABLECE RETIROS DE DINEROS DESDE FONDO DE PENSIONES"},"content":{"rendered":"\n<p>Se ingreso a tramitaci\u00f3n y remitida a la comisi\u00f3n de Constituci\u00f3n del Senado, el proyecto de reforma a la constituci\u00f3n que establece retiros de dineros desde Fondo de Pensiones y que hab\u00eda sido anunciado oportunamente por su autor, el senador de Magallanes, Carlos Bianchi junto a la senadora Yasna Provoste y el senador Pedro Araya. <\/p>\n\n\n\n<p>La\npropuesta de reforma establece una modificaci\u00f3n de la norma que consagra el\nderecho constitucional a la propiedad, regul\u00e1ndose determinadas condiciones\nbajo las cuales puede ejercerse el derecho a la propiedad sobre los fondos\nprevisionales.<\/p>\n\n\n\n<p>En este contexto se fundamenta\nel proyecto en que la actual situaci\u00f3n de Pandemia no solo evidenci\u00f3 sino &nbsp;agudiz\u00f3 lo adverso del sistema de las AFP,s en\nnuestro sistema de pensiones, donde\nlos afiliados, a pesar de tener el dominio sobre una cuenta que ha sido\nconstituida en base al fruto de su capitalizaci\u00f3n individual, se encuentran\nimpedidos de realizar retiro alguno, incluso en condiciones humanitarias como\nlas que existen el d\u00eda de hoy, donde muchos habitantes de nuestro pa\u00eds est\u00e1n\nsufriendo las consecuencias econ\u00f3micas derivadas de la actual situaci\u00f3n\nsanitaria.<\/p>\n\n\n\n<p>Bianchi dijo que \u201cNo es posible que la subsistencia econ\u00f3mica de\nlos trabajadores de nuestro pa\u00eds est\u00e9 determinada por la imposibilidad de\nejercer su derecho de propiedad, especialmente cuando m\u00e1s lo necesitan. <a>Vamos a insistir todas las veces que sea necesario hacer\njusticia con respecto a los fondos de las pensiones.\u201d<\/a><\/p>\n\n\n\n<p>Asimismo\nagreg\u00f3 que \u201cComo se se\u00f1ala que es inconstitucional el retiro de los fondos\nporque efectivamente tiene que ver con la posibilidad usar los fondos solo en\nla jubilaci\u00f3n, lo que hemos hecho, es colocar dentro de la constituci\u00f3n la\nfactibilidad de retiro de un porcentaje de nuestros fondos en eventuales\nsituaciones como pandemia como cat\u00e1strofes y por lo tanto lo que hemos presentado\na tr\u00e1mite es agregar un art\u00edculo para que en la propia constituci\u00f3n exista esa\nposibilidad del retiro de un porcentaje de los fondos de nuestras pensiones.\u201d<\/p>\n\n\n\n<p>El\nparlamentario puntualiz\u00f3 que \u201chay senadores y senadoras que han defendido a\nmorir a las AFP,s y en lo particular en este proyecto se ha &nbsp;presentado junto a la senadora Yasna Provoste\ny al senador Pedro Araya que han puesto la firma para copatrocinar\u2026 yo s\u00e9 que\nhay senadores que permanentemente han insistido que estamos haciendo proyecto\nque deben ser declarados inadmisibles, ellos est\u00e1n defendiendo las posturas del\ngobierno pero la \u00fanica forma de intentar avanzar con proyectos de justicia\nsocial, de justicia humana es efectivamente estas modificaciones a la\nconstituci\u00f3n&nbsp; y as\u00ed\nestamos cumpliendo lo que hab\u00edamos comprometido.\u201d<\/p>\n\n\n\n<p>En\nt\u00e9rminos legislativos, la regulaci\u00f3n de las materias se\u00f1aladas se justifica\norg\u00e1nicamente como reforma constitucional, para poder hacer retiro de fondos\nprevisionales, ya que se trata de especificar su ejercicio respecto del derecho\nde propiedad consagrado en el art\u00edculo 24 de la Carta Fundamental,\nestablecimiento una norma especial adem\u00e1s en relaci\u00f3n a los estados de\ncat\u00e1strofes cuya consagraci\u00f3n tambi\u00e9n se encuentra, dentro del estado de\nexcepci\u00f3n, en la Constituci\u00f3n. <\/p>\n\n\n\n<p>Lo\nque buscamos con esta reforma es contar con una norma de rango constitucional\nsobre esta materia que permitir\u00e1 dilucidar las diversas interpretaciones que\nexisten hoy sobre la factibilidad que cada afiliado retire fondos de sus\ncuestas de capitalizaci\u00f3n individual, por lo que es necesario que como Congreso\nNacional disipemos toda duda, siendo lo m\u00e1s adecuado hacerlo a trav\u00e9s de una\nreforma a nuestra Carta Fundamental\u201d concluy\u00f3 el senador Carlos Bianchi.<\/p>\n","protected":false},"excerpt":{"rendered":"<p>Se ingreso a tramitaci\u00f3n y remitida a la comisi\u00f3n de Constituci\u00f3n del Senado, el proyecto de reforma a la constituci\u00f3n que establece retiros de dineros desde Fondo de Pensiones y&#8230; <a class=\"read-more\" href=\"https:\/\/www.radiopresidenteibanez.cl\/web\/senador-de-magallanes-carlos-bianchi-presento-proyecto-de-reforma-a-la-constitucion-que-establece-retiros-de-dineros-desde-fondo-de-pensiones\/\">Leer m\u00e1s<\/a><\/p>\n","protected":false},"author":2,"featured_media":1915,"comment_status":"closed","ping_status":"closed","sticky":false,"template":"","format":"standard","meta":{"footnotes":""},"categories":[1],"tags":[],"class_list":["post-12556","post","type-post","status-publish","format-standard","has-post-thumbnail","hentry","category-cronica"],"_links":{"self":[{"href":"https:\/\/www.radiopresidenteibanez.cl\/web\/wp-json\/wp\/v2\/posts\/12556","targetHints":{"allow":["GET"]}}],"collection":[{"href":"https:\/\/www.radiopresidenteibanez.cl\/web\/wp-json\/wp\/v2\/posts"}],"about":[{"href":"https:\/\/www.radiopresidenteibanez.cl\/web\/wp-json\/wp\/v2\/types\/post"}],"author":[{"embeddable":true,"href":"https:\/\/www.radiopresidenteibanez.cl\/web\/wp-json\/wp\/v2\/users\/2"}],"replies":[{"embeddable":true,"href":"https:\/\/www.radiopresidenteibanez.cl\/web\/wp-json\/wp\/v2\/comments?post=12556"}],"version-history":[{"count":0,"href":"https:\/\/www.radiopresidenteibanez.cl\/web\/wp-json\/wp\/v2\/posts\/12556\/revisions"}],"wp:featuredmedia":[{"embeddable":true,"href":"https:\/\/www.radiopresidenteibanez.cl\/web\/wp-json\/wp\/v2\/media\/1915"}],"wp:attachment":[{"href":"https:\/\/www.radiopresidenteibanez.cl\/web\/wp-json\/wp\/v2\/media?parent=12556"}],"wp:term":[{"taxonomy":"category","embeddable":true,"href":"https:\/\/www.radiopresidenteibanez.cl\/web\/wp-json\/wp\/v2\/categories?post=12556"},{"taxonomy":"post_tag","embeddable":true,"href":"https:\/\/www.radiopresidenteibanez.cl\/web\/wp-json\/wp\/v2\/tags?post=12556"}],"curies":[{"name":"wp","href":"https:\/\/api.w.org\/{rel}","templated":true}]}}