{"id":12553,"date":"2020-06-10T13:39:32","date_gmt":"2020-06-10T13:39:32","guid":{"rendered":"https:\/\/www.radiopresidenteibanez.cl\/web\/?p=12553"},"modified":"2020-06-10T13:39:38","modified_gmt":"2020-06-10T13:39:38","slug":"registro-social-de-hogares-se-traslada-a-la-escuela-manuel-bulnes","status":"publish","type":"post","link":"https:\/\/www.radiopresidenteibanez.cl\/web\/registro-social-de-hogares-se-traslada-a-la-escuela-manuel-bulnes\/","title":{"rendered":"REGISTRO SOCIAL DE HOGARES SE TRASLADA A LA ESCUELA MANUEL BULNES"},"content":{"rendered":"\n<p>\n\nLos mi\u00e9rcoles 10, 17 y 24 de junio, en diferentes establecimientos educacionales de Punta Arenas, se llevar\u00e1n a cabo atenciones especiales del Registro Social de Hogares, donde los vecinos podr\u00e1n inscribirse en los 150 cupos disponibles.<br>Estas atenciones extraordinarias, que inician el mi\u00e9rcoles 10 de junio en la escuela Manuel Bulnes, continuar\u00e1n el 17 de junio en la Escuela Portugal y, posteriormente,&nbsp; el 24 de junio en la Escuela Juan Williams.<br>El equipo municipal del Registro Social de Hogares podr\u00e1 realizar inscripciones pero tambi\u00e9n actualizar los antecedentes, lo que fue destacado por el Alcalde Claudio Radonich, puesto que seg\u00fan dijo \u00abhoy m\u00e1s que nunca se hace necesario estar en terreno y siendo parte de la soluci\u00f3n, raz\u00f3n por la que esperamos recorrer distintos sectores durante junio para evaluar los resultados e incorporar m\u00e1s fechas y lugares\u00bb.<br>Asimismo, la autoridad comunal agradeci\u00f3 el apoyo del equipo municipal de la Direcci\u00f3n de Desarrollo Comunitario y a los funcionarios del&nbsp; Registro Civil por colaborar con esta iniciativa.&nbsp;<\/p>\n\n\n\n<p>Las atenciones se realizar\u00e1n entre las 9.30 y 13.30 horas y los asistentes deber\u00e1n cumplir con las medidas de seguridad exigidas, referente al uso de mascarilla y distanciamiento social.<br><\/p>\n","protected":false},"excerpt":{"rendered":"<p>Los mi\u00e9rcoles 10, 17 y 24 de junio, en diferentes establecimientos educacionales de Punta Arenas, se llevar\u00e1n a cabo atenciones especiales del Registro Social de Hogares, donde los vecinos podr\u00e1n&#8230; <a class=\"read-more\" href=\"https:\/\/www.radiopresidenteibanez.cl\/web\/registro-social-de-hogares-se-traslada-a-la-escuela-manuel-bulnes\/\">Leer m\u00e1s<\/a><\/p>\n","protected":false},"author":2,"featured_media":12554,"comment_status":"closed","ping_status":"closed","sticky":false,"template":"","format":"standard","meta":{"footnotes":""},"categories":[1],"tags":[],"class_list":["post-12553","post","type-post","status-publish","format-standard","has-post-thumbnail","hentry","category-cronica"],"_links":{"self":[{"href":"https:\/\/www.radiopresidenteibanez.cl\/web\/wp-json\/wp\/v2\/posts\/12553","targetHints":{"allow":["GET"]}}],"collection":[{"href":"https:\/\/www.radiopresidenteibanez.cl\/web\/wp-json\/wp\/v2\/posts"}],"about":[{"href":"https:\/\/www.radiopresidenteibanez.cl\/web\/wp-json\/wp\/v2\/types\/post"}],"author":[{"embeddable":true,"href":"https:\/\/www.radiopresidenteibanez.cl\/web\/wp-json\/wp\/v2\/users\/2"}],"replies":[{"embeddable":true,"href":"https:\/\/www.radiopresidenteibanez.cl\/web\/wp-json\/wp\/v2\/comments?post=12553"}],"version-history":[{"count":0,"href":"https:\/\/www.radiopresidenteibanez.cl\/web\/wp-json\/wp\/v2\/posts\/12553\/revisions"}],"wp:featuredmedia":[{"embeddable":true,"href":"https:\/\/www.radiopresidenteibanez.cl\/web\/wp-json\/wp\/v2\/media\/12554"}],"wp:attachment":[{"href":"https:\/\/www.radiopresidenteibanez.cl\/web\/wp-json\/wp\/v2\/media?parent=12553"}],"wp:term":[{"taxonomy":"category","embeddable":true,"href":"https:\/\/www.radiopresidenteibanez.cl\/web\/wp-json\/wp\/v2\/categories?post=12553"},{"taxonomy":"post_tag","embeddable":true,"href":"https:\/\/www.radiopresidenteibanez.cl\/web\/wp-json\/wp\/v2\/tags?post=12553"}],"curies":[{"name":"wp","href":"https:\/\/api.w.org\/{rel}","templated":true}]}}