{"id":12551,"date":"2020-06-10T13:36:11","date_gmt":"2020-06-10T13:36:11","guid":{"rendered":"https:\/\/www.radiopresidenteibanez.cl\/web\/?p=12551"},"modified":"2020-06-10T13:36:18","modified_gmt":"2020-06-10T13:36:18","slug":"concejala-veronica-aguilar-propone-un-plan-de-reactivacion-regional-magallanes-lo-reactivamos-todos","status":"publish","type":"post","link":"https:\/\/www.radiopresidenteibanez.cl\/web\/concejala-veronica-aguilar-propone-un-plan-de-reactivacion-regional-magallanes-lo-reactivamos-todos\/","title":{"rendered":"CONCEJALA VER\u00d3NICA AGUILAR, PROPONE UN PLAN DE REACTIVACI\u00d3N REGIONAL, \u201cMAGALLANES LO REACTIVAMOS TODOS\u00bb."},"content":{"rendered":"\n<p>Tal como se ha solicitado en reiteradas oportunidades a las\nautoridades locales, es importante poder generar un plan que nos&nbsp; permita como&nbsp;\nregi\u00f3n poder visualizar y prepararnos para lo que viene una vez pasada\nesta crisis sanitaria.<\/p>\n\n\n\n<p>Hoy la situaci\u00f3n econ\u00f3mica de Magallanes es compleja, la\ncesant\u00eda ha aumentado de manera exponencial, los proyectos est\u00e1n detenidos, las\npymes deben postular para poder contar con recursos que otorgue un mayor flujo,\nsin embargo es un credito que se deber\u00e1 pagar m\u00e1s adelante y para eso hay que\nestar preparados.<\/p>\n\n\n\n<p>Nuestra regi\u00f3n cuenta con un potencial tur\u00edstico,\ngastron\u00f3mico, y de servicios, que tambi\u00e9n desarrolla un c\u00edrculo virtuoso de\ningresos y de generaci\u00f3n de empleos.<\/p>\n\n\n\n<p>Y es por esto, que la concejala propone el plan MAGALLANES,\nLO REACTIVAMOS TODOS, que nos permita trabajar unidos, entre el GOBIERNO\nregional y los municipios, que las instituciones se comprometan a que la\nadquisici\u00f3n de insumos y servicios sean por medio de empresas regionales, que\npermitan a nuestras pymes salir del estancamiento&nbsp; y que esas facturas sean canceladas en un\nplazo no superior a 30 d\u00edas.<\/p>\n\n\n\n<p>Si bien es cierto este un programa a mediana escala, tambi\u00e9n\nes necesario, que el Gobierno Regional presente un plan de acci\u00f3n que reactive\nlos planes de ejecuci\u00f3n, una carta de navegaci\u00f3n que indique que proyectos,\nconstrucciones, y licitaciones, se iniciar\u00e1n prontamente, ojal\u00e1 priorizando la\nPYME regional.<\/p>\n\n\n\n<p>Creo necesario, asegur\u00f3 la concejala Aguilar, que de esta\nforma, comprometiendo al Gobierno Regional, a los jefes de servicios, a los\nmunicipios, a priorizar a nuestras pymes, podemos generar una reactivaci\u00f3n\necon\u00f3mica m\u00e1s r\u00e1pida y segura.<\/p>\n\n\n\n<p>Hoy se espera con ansias el protocolo que permitir\u00e1 a los\nrestoranes , pubs y otros reabrir sus puertas, pero es necesario que hoy los\nservicios p\u00fablicos se comprometan con la regi\u00f3n, porque a Magallanes lo\nreactivamos todos.<\/p>\n","protected":false},"excerpt":{"rendered":"<p>Tal como se ha solicitado en reiteradas oportunidades a las autoridades locales, es importante poder generar un plan que nos&nbsp; permita como&nbsp; regi\u00f3n poder visualizar y prepararnos para lo que&#8230; <a class=\"read-more\" href=\"https:\/\/www.radiopresidenteibanez.cl\/web\/concejala-veronica-aguilar-propone-un-plan-de-reactivacion-regional-magallanes-lo-reactivamos-todos\/\">Leer m\u00e1s<\/a><\/p>\n","protected":false},"author":2,"featured_media":5663,"comment_status":"closed","ping_status":"closed","sticky":false,"template":"","format":"standard","meta":{"footnotes":""},"categories":[1],"tags":[],"class_list":["post-12551","post","type-post","status-publish","format-standard","has-post-thumbnail","hentry","category-cronica"],"_links":{"self":[{"href":"https:\/\/www.radiopresidenteibanez.cl\/web\/wp-json\/wp\/v2\/posts\/12551","targetHints":{"allow":["GET"]}}],"collection":[{"href":"https:\/\/www.radiopresidenteibanez.cl\/web\/wp-json\/wp\/v2\/posts"}],"about":[{"href":"https:\/\/www.radiopresidenteibanez.cl\/web\/wp-json\/wp\/v2\/types\/post"}],"author":[{"embeddable":true,"href":"https:\/\/www.radiopresidenteibanez.cl\/web\/wp-json\/wp\/v2\/users\/2"}],"replies":[{"embeddable":true,"href":"https:\/\/www.radiopresidenteibanez.cl\/web\/wp-json\/wp\/v2\/comments?post=12551"}],"version-history":[{"count":0,"href":"https:\/\/www.radiopresidenteibanez.cl\/web\/wp-json\/wp\/v2\/posts\/12551\/revisions"}],"wp:featuredmedia":[{"embeddable":true,"href":"https:\/\/www.radiopresidenteibanez.cl\/web\/wp-json\/wp\/v2\/media\/5663"}],"wp:attachment":[{"href":"https:\/\/www.radiopresidenteibanez.cl\/web\/wp-json\/wp\/v2\/media?parent=12551"}],"wp:term":[{"taxonomy":"category","embeddable":true,"href":"https:\/\/www.radiopresidenteibanez.cl\/web\/wp-json\/wp\/v2\/categories?post=12551"},{"taxonomy":"post_tag","embeddable":true,"href":"https:\/\/www.radiopresidenteibanez.cl\/web\/wp-json\/wp\/v2\/tags?post=12551"}],"curies":[{"name":"wp","href":"https:\/\/api.w.org\/{rel}","templated":true}]}}