{"id":12548,"date":"2020-06-09T17:15:35","date_gmt":"2020-06-09T17:15:35","guid":{"rendered":"https:\/\/www.radiopresidenteibanez.cl\/web\/?p=12548"},"modified":"2020-06-09T17:15:39","modified_gmt":"2020-06-09T17:15:39","slug":"cero-casos-se-reportaron-de-covid-19-en-magallanes","status":"publish","type":"post","link":"https:\/\/www.radiopresidenteibanez.cl\/web\/cero-casos-se-reportaron-de-covid-19-en-magallanes\/","title":{"rendered":"CERO CASOS SE REPORTARON DE COVID-19 EN MAGALLANES"},"content":{"rendered":"\n<p>Sin duda que llamo la atenci\u00f3n que se reportar\u00e1 cero casos en la regi\u00f3n de Magallanes, lo cual fue explicado por la seremi de Salud, Mariela Rojas, as\u00ed tambi\u00e9n, se explic\u00f3 que estos resultados son de los PCR del d\u00eda 06 de junio del 2020.<\/p>\n\n\n\n<p>Con respecto a los fallecidos, si hace algunas jornadas eran 19 y hasta ayer 14, hoy se vio una variaci\u00f3n en el reporte alcanzando los 15.<\/p>\n","protected":false},"excerpt":{"rendered":"<p>Sin duda que llamo la atenci\u00f3n que se reportar\u00e1 cero casos en la regi\u00f3n de Magallanes, lo cual fue explicado por la seremi de Salud, Mariela Rojas, as\u00ed tambi\u00e9n, se&#8230; <a class=\"read-more\" href=\"https:\/\/www.radiopresidenteibanez.cl\/web\/cero-casos-se-reportaron-de-covid-19-en-magallanes\/\">Leer m\u00e1s<\/a><\/p>\n","protected":false},"author":2,"featured_media":10325,"comment_status":"closed","ping_status":"closed","sticky":false,"template":"","format":"standard","meta":{"footnotes":""},"categories":[1],"tags":[],"class_list":["post-12548","post","type-post","status-publish","format-standard","has-post-thumbnail","hentry","category-cronica"],"_links":{"self":[{"href":"https:\/\/www.radiopresidenteibanez.cl\/web\/wp-json\/wp\/v2\/posts\/12548","targetHints":{"allow":["GET"]}}],"collection":[{"href":"https:\/\/www.radiopresidenteibanez.cl\/web\/wp-json\/wp\/v2\/posts"}],"about":[{"href":"https:\/\/www.radiopresidenteibanez.cl\/web\/wp-json\/wp\/v2\/types\/post"}],"author":[{"embeddable":true,"href":"https:\/\/www.radiopresidenteibanez.cl\/web\/wp-json\/wp\/v2\/users\/2"}],"replies":[{"embeddable":true,"href":"https:\/\/www.radiopresidenteibanez.cl\/web\/wp-json\/wp\/v2\/comments?post=12548"}],"version-history":[{"count":0,"href":"https:\/\/www.radiopresidenteibanez.cl\/web\/wp-json\/wp\/v2\/posts\/12548\/revisions"}],"wp:featuredmedia":[{"embeddable":true,"href":"https:\/\/www.radiopresidenteibanez.cl\/web\/wp-json\/wp\/v2\/media\/10325"}],"wp:attachment":[{"href":"https:\/\/www.radiopresidenteibanez.cl\/web\/wp-json\/wp\/v2\/media?parent=12548"}],"wp:term":[{"taxonomy":"category","embeddable":true,"href":"https:\/\/www.radiopresidenteibanez.cl\/web\/wp-json\/wp\/v2\/categories?post=12548"},{"taxonomy":"post_tag","embeddable":true,"href":"https:\/\/www.radiopresidenteibanez.cl\/web\/wp-json\/wp\/v2\/tags?post=12548"}],"curies":[{"name":"wp","href":"https:\/\/api.w.org\/{rel}","templated":true}]}}