{"id":12545,"date":"2020-06-09T17:00:38","date_gmt":"2020-06-09T17:00:38","guid":{"rendered":"https:\/\/www.radiopresidenteibanez.cl\/web\/?p=12545"},"modified":"2020-06-09T17:00:42","modified_gmt":"2020-06-09T17:00:42","slug":"macarena-santelices-renuncia-como-ministra-de-la-mujer-y-monica-zalaquett-toma-su-cargo-a-partir-de-este-martes","status":"publish","type":"post","link":"https:\/\/www.radiopresidenteibanez.cl\/web\/macarena-santelices-renuncia-como-ministra-de-la-mujer-y-monica-zalaquett-toma-su-cargo-a-partir-de-este-martes\/","title":{"rendered":"MACARENA SANTELICES RENUNCIA COMO MINISTRA DE LA MUJER Y M\u00d3NICA ZALAQUETT TOMA SU CARGO A PARTIR DE ESTE MARTES"},"content":{"rendered":"\n<p>Luego de 33 d\u00edas de haber asumido, renunci\u00f3 el cargo de Ministra de la Mujer y Equidad de G\u00e9nero, la ex alcaldesa Macarena Santelices, en desmedro de ella asumir\u00e1 una de las carteras m\u00e1s criticadas de este Gobierno, M\u00f3nica Zalaquett, comunicadora social, empresaria y pol\u00edtica chilena militante UDI.<\/p>\n\n\n\n<p>El anunci\u00f3 antes mencionado fue realizado por el presidente Sebasti\u00e1n Pi\u00f1era.<\/p>\n\n\n\n<p>Hasta el momento, no se han pronunciado los sindicatos del sernameg o grupos feministas ante el nombramiento de Zalaquett.<\/p>\n","protected":false},"excerpt":{"rendered":"<p>Luego de 33 d\u00edas de haber asumido, renunci\u00f3 el cargo de Ministra de la Mujer y Equidad de G\u00e9nero, la ex alcaldesa Macarena Santelices, en desmedro de ella asumir\u00e1 una&#8230; <a class=\"read-more\" href=\"https:\/\/www.radiopresidenteibanez.cl\/web\/macarena-santelices-renuncia-como-ministra-de-la-mujer-y-monica-zalaquett-toma-su-cargo-a-partir-de-este-martes\/\">Leer m\u00e1s<\/a><\/p>\n","protected":false},"author":2,"featured_media":12546,"comment_status":"closed","ping_status":"closed","sticky":false,"template":"","format":"standard","meta":{"footnotes":""},"categories":[1],"tags":[],"class_list":["post-12545","post","type-post","status-publish","format-standard","has-post-thumbnail","hentry","category-cronica"],"_links":{"self":[{"href":"https:\/\/www.radiopresidenteibanez.cl\/web\/wp-json\/wp\/v2\/posts\/12545","targetHints":{"allow":["GET"]}}],"collection":[{"href":"https:\/\/www.radiopresidenteibanez.cl\/web\/wp-json\/wp\/v2\/posts"}],"about":[{"href":"https:\/\/www.radiopresidenteibanez.cl\/web\/wp-json\/wp\/v2\/types\/post"}],"author":[{"embeddable":true,"href":"https:\/\/www.radiopresidenteibanez.cl\/web\/wp-json\/wp\/v2\/users\/2"}],"replies":[{"embeddable":true,"href":"https:\/\/www.radiopresidenteibanez.cl\/web\/wp-json\/wp\/v2\/comments?post=12545"}],"version-history":[{"count":0,"href":"https:\/\/www.radiopresidenteibanez.cl\/web\/wp-json\/wp\/v2\/posts\/12545\/revisions"}],"wp:featuredmedia":[{"embeddable":true,"href":"https:\/\/www.radiopresidenteibanez.cl\/web\/wp-json\/wp\/v2\/media\/12546"}],"wp:attachment":[{"href":"https:\/\/www.radiopresidenteibanez.cl\/web\/wp-json\/wp\/v2\/media?parent=12545"}],"wp:term":[{"taxonomy":"category","embeddable":true,"href":"https:\/\/www.radiopresidenteibanez.cl\/web\/wp-json\/wp\/v2\/categories?post=12545"},{"taxonomy":"post_tag","embeddable":true,"href":"https:\/\/www.radiopresidenteibanez.cl\/web\/wp-json\/wp\/v2\/tags?post=12545"}],"curies":[{"name":"wp","href":"https:\/\/api.w.org\/{rel}","templated":true}]}}