{"id":12539,"date":"2020-06-09T13:38:19","date_gmt":"2020-06-09T13:38:19","guid":{"rendered":"https:\/\/www.radiopresidenteibanez.cl\/web\/?p=12539"},"modified":"2020-06-09T13:38:22","modified_gmt":"2020-06-09T13:38:22","slug":"asumio-en-porvenir-nueva-juez-del-juzgado-de-policia-local","status":"publish","type":"post","link":"https:\/\/www.radiopresidenteibanez.cl\/web\/asumio-en-porvenir-nueva-juez-del-juzgado-de-policia-local\/","title":{"rendered":"ASUMI\u00d3 EN PORVENIR NUEVA JUEZ DEL JUZGADO DE POLIC\u00cdA LOCAL"},"content":{"rendered":"\n<p>En una sencilla y emotiva ceremonia,\nasumi\u00f3 su cargo la juez Ivette Laien Barr\u00eda Rojas, abogada de la Universidad Andr\u00e9s\nBello sede Vi\u00f1a del Mar y ayudante de la catedra de derecho romano de la misma\ncasa de estudio. La nueva juez del juzgado de polic\u00eda local, cuenta con amplia\ntrayectoria en el servicio, donde destaca su paso por el juzgado de letras y\ngarant\u00eda de la capital fueguina, adem\u00e1s el juzgado de letras y garant\u00eda de Punta\nArenas, diplomada en derecho tributario de la universidad de Chile y derechos\nde los contratos y contrataci\u00f3n p\u00fablica de la pontificia universidad cat\u00f3lica\nde Valpara\u00edso, tambi\u00e9n se desempe\u00f1\u00f3 como abogado asesor y notario conservador\nsuplente de la notar\u00eda y conservador de Porvenir, que fue su \u00faltima casa.<\/p>\n\n\n\n<p>\u00abEstoy muy contenta de volver a Porvenir,\ndonde curs\u00e9 mi ense\u00f1anza b\u00e1sica en la escuela Mar\u00eda Auxiliadora, y la educaci\u00f3n\nmedia en el liceo polivalente Hernando de Magallanes. Tengo un compromiso\npersonal con esta comuna y pondr\u00e9 el coraz\u00f3n para ejercer con la mayor\nimparcialidad e independencia mis labores\u00bb, coment\u00f3 la magistrada.<\/p>\n\n\n\n<p>Por su parte la alcaldesa de Porvenir,\nMarisol Andrade C\u00e1rdenas, se\u00f1al\u00f3 que \u201choy fue un momento de alegr\u00eda porque\ntuvimos el nombramiento de nuestra primera juez porvenire\u00f1a como titular del\njuzgado de polic\u00eda local de Tierra del Fuego\u201d. <\/p>\n\n\n\n<p>La jefa comunal, le dese\u00f3 a la\nmagistrada mucho \u00e9xito en su gesti\u00f3n para impartir la justicia en la comuna de\nPorvenir. <\/p>\n\n\n\n<p>Cabe se\u00f1alar que los Juzgados de Polic\u00eda\nLocal son Tribunales especiales que se rigen en conformidad a las normas\nestablecidas en la Ley N\u00ba 15.231, Sobre Organizaci\u00f3n y Atribuciones&nbsp; de los Juzgados de Polic\u00eda Local. Su\nprincipal funci\u00f3n es administrar justicia conforme a lo dispuesto en el\nordenamiento jur\u00eddico.<\/p>\n","protected":false},"excerpt":{"rendered":"<p>En una sencilla y emotiva ceremonia, asumi\u00f3 su cargo la juez Ivette Laien Barr\u00eda Rojas, abogada de la Universidad Andr\u00e9s Bello sede Vi\u00f1a del Mar y ayudante de la catedra&#8230; <a class=\"read-more\" href=\"https:\/\/www.radiopresidenteibanez.cl\/web\/asumio-en-porvenir-nueva-juez-del-juzgado-de-policia-local\/\">Leer m\u00e1s<\/a><\/p>\n","protected":false},"author":2,"featured_media":12540,"comment_status":"closed","ping_status":"closed","sticky":false,"template":"","format":"standard","meta":{"footnotes":""},"categories":[1],"tags":[],"class_list":["post-12539","post","type-post","status-publish","format-standard","has-post-thumbnail","hentry","category-cronica"],"_links":{"self":[{"href":"https:\/\/www.radiopresidenteibanez.cl\/web\/wp-json\/wp\/v2\/posts\/12539","targetHints":{"allow":["GET"]}}],"collection":[{"href":"https:\/\/www.radiopresidenteibanez.cl\/web\/wp-json\/wp\/v2\/posts"}],"about":[{"href":"https:\/\/www.radiopresidenteibanez.cl\/web\/wp-json\/wp\/v2\/types\/post"}],"author":[{"embeddable":true,"href":"https:\/\/www.radiopresidenteibanez.cl\/web\/wp-json\/wp\/v2\/users\/2"}],"replies":[{"embeddable":true,"href":"https:\/\/www.radiopresidenteibanez.cl\/web\/wp-json\/wp\/v2\/comments?post=12539"}],"version-history":[{"count":0,"href":"https:\/\/www.radiopresidenteibanez.cl\/web\/wp-json\/wp\/v2\/posts\/12539\/revisions"}],"wp:featuredmedia":[{"embeddable":true,"href":"https:\/\/www.radiopresidenteibanez.cl\/web\/wp-json\/wp\/v2\/media\/12540"}],"wp:attachment":[{"href":"https:\/\/www.radiopresidenteibanez.cl\/web\/wp-json\/wp\/v2\/media?parent=12539"}],"wp:term":[{"taxonomy":"category","embeddable":true,"href":"https:\/\/www.radiopresidenteibanez.cl\/web\/wp-json\/wp\/v2\/categories?post=12539"},{"taxonomy":"post_tag","embeddable":true,"href":"https:\/\/www.radiopresidenteibanez.cl\/web\/wp-json\/wp\/v2\/tags?post=12539"}],"curies":[{"name":"wp","href":"https:\/\/api.w.org\/{rel}","templated":true}]}}