{"id":12537,"date":"2020-06-09T13:32:34","date_gmt":"2020-06-09T13:32:34","guid":{"rendered":"https:\/\/www.radiopresidenteibanez.cl\/web\/?p=12537"},"modified":"2020-06-09T13:32:38","modified_gmt":"2020-06-09T13:32:38","slug":"fundacion-fuerza-pymes-presento-recurso-de-proteccion-contra-municipalidad-de-punta-arenas","status":"publish","type":"post","link":"https:\/\/www.radiopresidenteibanez.cl\/web\/fundacion-fuerza-pymes-presento-recurso-de-proteccion-contra-municipalidad-de-punta-arenas\/","title":{"rendered":"FUNDACI\u00d3N FUERZA PYMES PRESENT\u00d3 RECURSO DE PROTECCI\u00d3N CONTRA MUNICIPALIDAD DE PUNTA ARENAS"},"content":{"rendered":"\n<p>A\ntrav\u00e9s de un comunicado, la Fundaci\u00f3n de Gesti\u00f3n Social Fuerza Pyme -asociaci\u00f3n\nadherida a la Multigremial Magallanes-, dio a conocer que interpuso este\nviernes un recurso de protecci\u00f3n contra de la Municipalidad de Punta Arenas, con\nel fin de restablecer el derecho y entregar protecci\u00f3n a emprendimientos que se\nhan visto afectados por la pandemia.<\/p>\n\n\n\n<p>\u201cLa&nbsp; Fundaci\u00f3n de Gesti\u00f3n Social Fuerza Pyme en\nraz\u00f3n de su misi\u00f3n de ser una organizaci\u00f3n que se preocupan del vivir diario de\nla micro, peque\u00f1a y mediana empresa en la Regi\u00f3n de Magallanes, ha observado\nque se encuentran sujetas a ciertas obligaciones fiscales que debiesen\nsuspenderse durante el tiempo que dure el Estado de Excepci\u00f3n Constitucional\nimpuesto por el Gobierno debido a la Pandemia del COVID-19\u201d, sostiene el\ncomunicado.<\/p>\n\n\n\n<p>En\ntanto, el comunicado se\u00f1ala que \u201cse ha considerado que al menos ciertas\nobligaciones fiscales, en especifico aquellas concernientes al pago de la\nsegunda cuota del periodo 2019&nbsp; y la\nprimera y segunda cuota de contribuciones de patentes municipales, debiesen\nsuspenderse o al menos aminorizarse en virtud de las compras y ventas que las\nempresas tengan en esta regi\u00f3n\u201d.<\/p>\n\n\n\n<p>Asimismo,\nel escrito sostiene que \u201cpor el motivos entregados, presentamos en la Corte de\nApelaciones de Punta Arenas un recurso de protecci\u00f3n, con el fin de restablecer\nel derecho y entregar protecci\u00f3n a quienes nos hemos visto afectados, por&nbsp; eventos delincuenciales como el estallido\nsocial que comenz\u00f3 en el mes de Octubre del 2019\u201d.<\/p>\n\n\n\n<p>Finalmente,\nRam\u00f3n Vargas, presidente de Fuerza Pyme y Multigremial Magallanes, manifiesta\nque debido al periodo de excepci\u00f3n constitucional, han sido miles las MiPymes\nafectadas. \u201cNos encontramos hoy imposibilitados de poder trabajar en nuestros\nlocales comerciales, y en nuestras industrias. Por todos estos actos\nconsideramos que hemos sufrido privaciones, perturbaciones y vulnerados en\nnuestros derechos. Razones m\u00e1s que suficientes para solicitar el no pago de las\npatentes comerciales, industriales y de alcoholes\u201d, subraya Vargas.<\/p>\n","protected":false},"excerpt":{"rendered":"<p>A trav\u00e9s de un comunicado, la Fundaci\u00f3n de Gesti\u00f3n Social Fuerza Pyme -asociaci\u00f3n adherida a la Multigremial Magallanes-, dio a conocer que interpuso este viernes un recurso de protecci\u00f3n contra&#8230; <a class=\"read-more\" href=\"https:\/\/www.radiopresidenteibanez.cl\/web\/fundacion-fuerza-pymes-presento-recurso-de-proteccion-contra-municipalidad-de-punta-arenas\/\">Leer m\u00e1s<\/a><\/p>\n","protected":false},"author":2,"featured_media":740,"comment_status":"closed","ping_status":"closed","sticky":false,"template":"","format":"standard","meta":{"footnotes":""},"categories":[1],"tags":[],"class_list":["post-12537","post","type-post","status-publish","format-standard","has-post-thumbnail","hentry","category-cronica"],"_links":{"self":[{"href":"https:\/\/www.radiopresidenteibanez.cl\/web\/wp-json\/wp\/v2\/posts\/12537","targetHints":{"allow":["GET"]}}],"collection":[{"href":"https:\/\/www.radiopresidenteibanez.cl\/web\/wp-json\/wp\/v2\/posts"}],"about":[{"href":"https:\/\/www.radiopresidenteibanez.cl\/web\/wp-json\/wp\/v2\/types\/post"}],"author":[{"embeddable":true,"href":"https:\/\/www.radiopresidenteibanez.cl\/web\/wp-json\/wp\/v2\/users\/2"}],"replies":[{"embeddable":true,"href":"https:\/\/www.radiopresidenteibanez.cl\/web\/wp-json\/wp\/v2\/comments?post=12537"}],"version-history":[{"count":0,"href":"https:\/\/www.radiopresidenteibanez.cl\/web\/wp-json\/wp\/v2\/posts\/12537\/revisions"}],"wp:featuredmedia":[{"embeddable":true,"href":"https:\/\/www.radiopresidenteibanez.cl\/web\/wp-json\/wp\/v2\/media\/740"}],"wp:attachment":[{"href":"https:\/\/www.radiopresidenteibanez.cl\/web\/wp-json\/wp\/v2\/media?parent=12537"}],"wp:term":[{"taxonomy":"category","embeddable":true,"href":"https:\/\/www.radiopresidenteibanez.cl\/web\/wp-json\/wp\/v2\/categories?post=12537"},{"taxonomy":"post_tag","embeddable":true,"href":"https:\/\/www.radiopresidenteibanez.cl\/web\/wp-json\/wp\/v2\/tags?post=12537"}],"curies":[{"name":"wp","href":"https:\/\/api.w.org\/{rel}","templated":true}]}}