{"id":12534,"date":"2020-06-09T13:30:53","date_gmt":"2020-06-09T13:30:53","guid":{"rendered":"https:\/\/www.radiopresidenteibanez.cl\/web\/?p=12534"},"modified":"2020-06-09T13:31:04","modified_gmt":"2020-06-09T13:31:04","slug":"seremi-destaca-mesa-de-trabajo-coordinada-por-sistema-elige-vivir-sano","status":"publish","type":"post","link":"https:\/\/www.radiopresidenteibanez.cl\/web\/seremi-destaca-mesa-de-trabajo-coordinada-por-sistema-elige-vivir-sano\/","title":{"rendered":"SEREMI DESTACA MESA DE TRABAJO COORDINADA POR SISTEMA ELIGE VIVIR SANO"},"content":{"rendered":"\n<p>Con el\nobjetivo de elaborar un plan de trabajo con pol\u00edticas p\u00fablicas para mejorar el acceso a alimentos\nnutritivos, en el contexto de pandemia por Covid-19, el Gobierno conform\u00f3 la\nMesa de Seguridad Alimentaria. <\/p>\n\n\n\n<p>Bajo la coordinaci\u00f3n de la Secretar\u00eda Ejecutiva\nde Elige Vivir Sano, en la instancia\nintersectorial participan representantes del Ministerio de Desarrollo Social y\nFamilia, Ministerio de Salud, Ministerio de Agricultura, Senama,\nJunaeb, Sercotec y FAO.&nbsp; <\/p>\n\n\n\n<p>La\nSeremi de Desarrollo Social y Familia de la Regi\u00f3n de Magallanes y de la Ant\u00e1rtica\nChilena, Liz Casanueva, explic\u00f3 que \u201cla conformaci\u00f3n de esta mesa de trabajo se\ninici\u00f3 en el mes de abril, y se han desarrollado una serie de reuniones\nplenarias, v\u00eda remota, adem\u00e1s de coordinar citas bilaterales. Todo ello, con la\nfinalidad de crear un Plan de Seguridad Alimentaria\u201d. <\/p>\n\n\n\n<p>En el\ncontexto local, la autoridad se\u00f1al\u00f3 que \u201cMagallanes mantiene un alto \u00edndice de\nobesidad, hecho reflejado en la \u00faltima Encuesta Nacional de Salud, donde los\nadultos mayores presentaron un 80,2% de sobrepeso y obesidad, liderando el\nranking a nivel nacional\u201d. <\/p>\n\n\n\n<p>La\nmesa de trabajo cuenta con cuatro \u00e1reas de acci\u00f3n: alimentaci\u00f3n escolar saludable, alimentaci\u00f3n para\npersonas mayores, consumo de alimentos saludables en sectores con menor acceso\ny apoyo a ferias libres<\/p>\n\n\n\n<p>El\nprimer diagn\u00f3stico abordado por la mesa se obtuvo a trav\u00e9s de la Encuesta Casen\n2017, que incorpor\u00f3 la Escala Internacional de Inseguridad Alimentaria (FIES,\npor su sigla en ingl\u00e9s), dise\u00f1ada por FAO, para acceder a informaci\u00f3n sobre la\ninseguridad alimentaria en el pa\u00eds, esto es, la falta de acceso f\u00edsico, social\ny\/o econ\u00f3mico a alimentos suficientes, inocuos y nutritivos, que permitan a las\npersonas satisfacer sus necesidades y llevar una vida activa y sana. Los\nresultados mostraron que, previo a la pandemia, el 13,6% de las personas y el\n13,1% de los hogares sufren inseguridad alimentaria en el pa\u00eds.<\/p>\n\n\n\n<p>Algunos\nresultados de la Encuesta Casen 2017: <\/p>\n\n\n\n<ul class=\"wp-block-list\"><li>La\ninseguridad alimentaria es mayor en los hogares de zonas urbanas (13,3%) que\nrurales (12,2%).<\/li><li>La inseguridad\nalimentaria es mayor en los quintiles de menores ingresos (primer quintil\n25,3%, segundo quintil 17,2%, tercer quintil 11,7%, cuarto quintil 7,8% y\nquinto quintil 3,9%).<\/li><li>La\ninseguridad alimentaria es mayor en los hogares con presencia de ni\u00f1os, ni\u00f1as y\nadolescentes (15,6% en comparaci\u00f3n al 11,2% de aquellos sin menores y\nadolescentes).<\/li><li>La\ninseguridad alimentaria es mayor donde la jefa de hogar es una mujer (16,3%\nversus 10,8 cuando es hombre).<\/li><\/ul>\n","protected":false},"excerpt":{"rendered":"<p>Con el objetivo de elaborar un plan de trabajo con pol\u00edticas p\u00fablicas para mejorar el acceso a alimentos nutritivos, en el contexto de pandemia por Covid-19, el Gobierno conform\u00f3 la&#8230; <a class=\"read-more\" href=\"https:\/\/www.radiopresidenteibanez.cl\/web\/seremi-destaca-mesa-de-trabajo-coordinada-por-sistema-elige-vivir-sano\/\">Leer m\u00e1s<\/a><\/p>\n","protected":false},"author":2,"featured_media":12535,"comment_status":"closed","ping_status":"closed","sticky":false,"template":"","format":"standard","meta":{"footnotes":""},"categories":[1],"tags":[],"class_list":["post-12534","post","type-post","status-publish","format-standard","has-post-thumbnail","hentry","category-cronica"],"_links":{"self":[{"href":"https:\/\/www.radiopresidenteibanez.cl\/web\/wp-json\/wp\/v2\/posts\/12534","targetHints":{"allow":["GET"]}}],"collection":[{"href":"https:\/\/www.radiopresidenteibanez.cl\/web\/wp-json\/wp\/v2\/posts"}],"about":[{"href":"https:\/\/www.radiopresidenteibanez.cl\/web\/wp-json\/wp\/v2\/types\/post"}],"author":[{"embeddable":true,"href":"https:\/\/www.radiopresidenteibanez.cl\/web\/wp-json\/wp\/v2\/users\/2"}],"replies":[{"embeddable":true,"href":"https:\/\/www.radiopresidenteibanez.cl\/web\/wp-json\/wp\/v2\/comments?post=12534"}],"version-history":[{"count":0,"href":"https:\/\/www.radiopresidenteibanez.cl\/web\/wp-json\/wp\/v2\/posts\/12534\/revisions"}],"wp:featuredmedia":[{"embeddable":true,"href":"https:\/\/www.radiopresidenteibanez.cl\/web\/wp-json\/wp\/v2\/media\/12535"}],"wp:attachment":[{"href":"https:\/\/www.radiopresidenteibanez.cl\/web\/wp-json\/wp\/v2\/media?parent=12534"}],"wp:term":[{"taxonomy":"category","embeddable":true,"href":"https:\/\/www.radiopresidenteibanez.cl\/web\/wp-json\/wp\/v2\/categories?post=12534"},{"taxonomy":"post_tag","embeddable":true,"href":"https:\/\/www.radiopresidenteibanez.cl\/web\/wp-json\/wp\/v2\/tags?post=12534"}],"curies":[{"name":"wp","href":"https:\/\/api.w.org\/{rel}","templated":true}]}}